{"id":2140,"date":"2024-07-01T13:07:52","date_gmt":"2024-07-01T11:07:52","guid":{"rendered":"https:\/\/laplomberieducanal.com\/?p=2140"},"modified":"2024-10-04T19:25:51","modified_gmt":"2024-10-04T17:25:51","slug":"un-moment-artistique-et-multidisciplinaire","status":"publish","type":"post","link":"https:\/\/laplomberieducanal.com\/index.php\/2024\/07\/01\/un-moment-artistique-et-multidisciplinaire\/","title":{"rendered":"Bient\u00f4t-Un moment artistique et multidisciplinaire pour toutes et tous"},"content":{"rendered":"\n<p><strong>[Saison culturelle 2023-2024]<\/strong><\/p>\n\n\n\n<h2 class=\"wp-block-heading\">Quoi faire \u00e0 Rennes &#8211; moment artistique &#8211; multidisciplinaire : 4 Jours A la Crois\u00e9e des Arts<\/h2>\n\n\n\n<p>Dans le cadre de \u00ab\u00a0<a href=\"https:\/\/ete.rennes.fr\/\">Cet \u00e9t\u00e9 \u00e0 Rennes<\/a>\u00ab\u00a0, La Plomberie du Canal est ravie de vous annoncer un moment artistique et multidisciplinaire : <strong>A la Crois\u00e9e des Arts.<\/strong> Avec la <a href=\"http:\/\/helloasso.com\/associations\/olnaro\">Compagnie Olnaro<\/a><a href=\"https:\/\/www.leetchi.com\/fr\/c\/wOzJ28Vl?utm_source=copylink&amp;utm_medium=social_sharing\"> <\/a>, <a href=\"http:\/\/facebook.com\/aliciaducoustel\">Alicia Ducoustel<\/a> et <a href=\"http:\/\/facebook.com\/arnotukiman1615\">Arno Tukiman<\/a>, deux talentueux et formidables artistes vous ont concoct\u00e9 un joli programme pour toutes et tous. Ils vous invitent \u00e0 un moment artistique et multidisciplinaire d&rsquo;\u00e9changes cr\u00e9atifs, de partages et de rencontres interg\u00e9n\u00e9rationnelles, pour toutes et tous.<\/p>\n\n\n\n<p><strong>Du 9 au 11  juillet 2024 | de 9 h \u00e0 20h30 au Hang&rsquo;Art de la Plomberie et au Kiosque des Prairies St Martin.<\/strong><\/p>\n\n\n\n<p><strong>Au programme : stages, initiations gratuites, explorations, ateliers, concerts, rencontres. <\/strong><\/p>\n\n\n\n<h3 class=\"wp-block-heading\">Quoi faire \u00e0 Rennes &#8211; moment artistique &#8211; multidisciplinaire<\/h3>\n\n\n\n<figure class=\"wp-block-image size-large\"><img data-recalc-dims=\"1\" loading=\"lazy\" decoding=\"async\" width=\"1024\" height=\"576\" data-attachment-id=\"2144\" data-permalink=\"https:\/\/laplomberieducanal.com\/index.php\/2024\/07\/01\/un-moment-artistique-et-multidisciplinaire\/olnaro-3\/\" data-orig-file=\"https:\/\/i0.wp.com\/laplomberieducanal.com\/wp-content\/uploads\/2024\/07\/OLNARO-Plomberie.jpg?fit=1920%2C1080&amp;ssl=1\" data-orig-size=\"1920,1080\" data-comments-opened=\"1\" data-image-meta=\"{&quot;aperture&quot;:&quot;0&quot;,&quot;credit&quot;:&quot;Alicia Du Coustel&quot;,&quot;camera&quot;:&quot;&quot;,&quot;caption&quot;:&quot;&quot;,&quot;created_timestamp&quot;:&quot;0&quot;,&quot;copyright&quot;:&quot;&quot;,&quot;focal_length&quot;:&quot;0&quot;,&quot;iso&quot;:&quot;0&quot;,&quot;shutter_speed&quot;:&quot;0&quot;,&quot;title&quot;:&quot;\\u00d4LNARO - 3&quot;,&quot;orientation&quot;:&quot;1&quot;}\" data-image-title=\"A la Crois\u00e9s des Arts\" data-image-description=\"&lt;p&gt;4 Jours A la Crois\u00e9e des Arts. Un moment artistique et pluridisciplinaire&lt;\/p&gt;\n\" data-image-caption=\"&lt;p&gt;4 Jours A la Crois\u00e9e des Arts. Un moment artistique et pluridisciplinaire&lt;\/p&gt;\n\" data-medium-file=\"https:\/\/i0.wp.com\/laplomberieducanal.com\/wp-content\/uploads\/2024\/07\/OLNARO-Plomberie.jpg?fit=300%2C169&amp;ssl=1\" data-large-file=\"https:\/\/i0.wp.com\/laplomberieducanal.com\/wp-content\/uploads\/2024\/07\/OLNARO-Plomberie.jpg?fit=1024%2C576&amp;ssl=1\" tabindex=\"0\" role=\"button\" src=\"https:\/\/i0.wp.com\/laplomberieducanal.com\/wp-content\/uploads\/2024\/07\/OLNARO-Plomberie.jpg?resize=1024%2C576&#038;ssl=1\" alt=\"4 Jours A la Crois\u00e9e des Arts. Un moment artistique et pluridisciplinaire\" class=\"wp-image-2144\" srcset=\"https:\/\/i0.wp.com\/laplomberieducanal.com\/wp-content\/uploads\/2024\/07\/OLNARO-Plomberie.jpg?resize=1024%2C576&amp;ssl=1 1024w, https:\/\/i0.wp.com\/laplomberieducanal.com\/wp-content\/uploads\/2024\/07\/OLNARO-Plomberie.jpg?resize=300%2C169&amp;ssl=1 300w, https:\/\/i0.wp.com\/laplomberieducanal.com\/wp-content\/uploads\/2024\/07\/OLNARO-Plomberie.jpg?resize=768%2C432&amp;ssl=1 768w, https:\/\/i0.wp.com\/laplomberieducanal.com\/wp-content\/uploads\/2024\/07\/OLNARO-Plomberie.jpg?resize=1536%2C864&amp;ssl=1 1536w, https:\/\/i0.wp.com\/laplomberieducanal.com\/wp-content\/uploads\/2024\/07\/OLNARO-Plomberie.jpg?w=1920&amp;ssl=1 1920w\" sizes=\"(max-width: 1024px) 100vw, 1024px\" \/><\/figure>\n\n\n\n<h2 class=\"wp-block-heading\">A la Crois\u00e9e des Arts<\/h2>\n\n\n\n<h3 class=\"wp-block-heading\">Un moment artistique et multidisciplinaire d&rsquo;\u00e9changes cr\u00e9atifs, de partages et de rencontres.<\/h3>\n\n\n\n<p><strong>D\u00e9couvrez un nouvel instrument, le Gamelan et votre talent de musicien, venez d\u00e9couvrir en pleine nature la T\u00e9hima, une danse entre Yoga et Ta\u00ef-Chi, am\u00e9liorer votre voix ou tout simplement \u00e9couter un concert, assis dans l&rsquo;herbe dans les Prairies.<\/strong><\/p>\n\n\n\n<h3 class=\"wp-block-heading\">Un programme tr\u00e8s riche<\/h3>\n\n\n\n<p><a href=\"https:\/\/www.facebook.com\/PlomberieduCanal\/posts\/pfbid02JvxGJ5nrRSJRiKc9z9KScLwXc9kP7bxAYHxvfifCSA6mJVUHAEYGPJUz6XFqRHopl\">Alicia et Arno <\/a>ont concoct\u00e9 un programme tr\u00e8s riche,  pour tous les \u00e2ges et tous les go\u00fbts.<\/p>\n\n\n\n<p><strong><span style=\"text-decoration: underline;\">MARDI 9 JUILLET<\/span><\/strong><\/p>\n\n\n\n<p><strong>14h-15h30 | <strong>Initiation Gamelan, musique indon\u00e9sienne<\/strong><\/strong> : Gratuit<\/p>\n\n\n\n<div class=\"wp-block-media-text is-stacked-on-mobile\"><figure class=\"wp-block-media-text__media\"><img data-recalc-dims=\"1\" loading=\"lazy\" decoding=\"async\" width=\"1024\" height=\"400\" data-attachment-id=\"2146\" data-permalink=\"https:\/\/laplomberieducanal.com\/index.php\/2024\/07\/01\/un-moment-artistique-et-multidisciplinaire\/gamelan\/\" data-orig-file=\"https:\/\/i0.wp.com\/laplomberieducanal.com\/wp-content\/uploads\/2024\/07\/Gamelan.jpg?fit=1029%2C402&amp;ssl=1\" data-orig-size=\"1029,402\" data-comments-opened=\"1\" data-image-meta=\"{&quot;aperture&quot;:&quot;0&quot;,&quot;credit&quot;:&quot;&quot;,&quot;camera&quot;:&quot;&quot;,&quot;caption&quot;:&quot;&quot;,&quot;created_timestamp&quot;:&quot;0&quot;,&quot;copyright&quot;:&quot;&quot;,&quot;focal_length&quot;:&quot;0&quot;,&quot;iso&quot;:&quot;0&quot;,&quot;shutter_speed&quot;:&quot;0&quot;,&quot;title&quot;:&quot;&quot;,&quot;orientation&quot;:&quot;0&quot;}\" data-image-title=\"Gamelan\" data-image-description=\"\" data-image-caption=\"\" data-medium-file=\"https:\/\/i0.wp.com\/laplomberieducanal.com\/wp-content\/uploads\/2024\/07\/Gamelan.jpg?fit=300%2C117&amp;ssl=1\" data-large-file=\"https:\/\/i0.wp.com\/laplomberieducanal.com\/wp-content\/uploads\/2024\/07\/Gamelan.jpg?fit=1024%2C400&amp;ssl=1\" tabindex=\"0\" role=\"button\" src=\"https:\/\/i0.wp.com\/laplomberieducanal.com\/wp-content\/uploads\/2024\/07\/Gamelan.jpg?resize=1024%2C400&#038;ssl=1\" alt=\"\" class=\"wp-image-2146 size-full\" srcset=\"https:\/\/i0.wp.com\/laplomberieducanal.com\/wp-content\/uploads\/2024\/07\/Gamelan.jpg?resize=1024%2C400&amp;ssl=1 1024w, https:\/\/i0.wp.com\/laplomberieducanal.com\/wp-content\/uploads\/2024\/07\/Gamelan.jpg?resize=300%2C117&amp;ssl=1 300w, https:\/\/i0.wp.com\/laplomberieducanal.com\/wp-content\/uploads\/2024\/07\/Gamelan.jpg?resize=768%2C300&amp;ssl=1 768w, https:\/\/i0.wp.com\/laplomberieducanal.com\/wp-content\/uploads\/2024\/07\/Gamelan.jpg?w=1029&amp;ssl=1 1029w\" sizes=\"(max-width: 1024px) 100vw, 1024px\" \/><\/figure><div class=\"wp-block-media-text__content\">\n<p>&nbsp;\u00ab <strong>Le Gamelan est un \u00e9tat d\u2019esprit<\/strong>, pas un objet, les instruments ne sont qu\u2019un m\u00e9dia \u00bb. Venez d\u00e9couvrir <strong>ce bel instrument<\/strong> qui <strong>favorise le partage, l\u2019\u00e9coute, l\u2019\u00e9change<\/strong>, chacun apportant sa contribution.<\/p>\n\n\n\n<p><a href=\"https:\/\/www.facebook.com\/kyai.bremana.5\">Plus d\u2019infos sur le Gamelan&nbsp;<\/a><\/p>\n<\/div><\/div>\n\n\n\n<p><strong>14h-15h30 | <strong>Initiation Danse T\u00e9hima<\/strong><\/strong> : Gratuit<\/p>\n\n\n\n<div class=\"wp-block-media-text is-stacked-on-mobile\"><figure class=\"wp-block-media-text__media\"><img data-recalc-dims=\"1\" loading=\"lazy\" decoding=\"async\" width=\"481\" height=\"153\" data-attachment-id=\"2147\" data-permalink=\"https:\/\/laplomberieducanal.com\/index.php\/2024\/07\/01\/un-moment-artistique-et-multidisciplinaire\/tehima\/\" data-orig-file=\"https:\/\/i0.wp.com\/laplomberieducanal.com\/wp-content\/uploads\/2024\/07\/Tehima.jpg?fit=481%2C153&amp;ssl=1\" data-orig-size=\"481,153\" data-comments-opened=\"1\" data-image-meta=\"{&quot;aperture&quot;:&quot;0&quot;,&quot;credit&quot;:&quot;&quot;,&quot;camera&quot;:&quot;&quot;,&quot;caption&quot;:&quot;&quot;,&quot;created_timestamp&quot;:&quot;0&quot;,&quot;copyright&quot;:&quot;&quot;,&quot;focal_length&quot;:&quot;0&quot;,&quot;iso&quot;:&quot;0&quot;,&quot;shutter_speed&quot;:&quot;0&quot;,&quot;title&quot;:&quot;&quot;,&quot;orientation&quot;:&quot;0&quot;}\" data-image-title=\"Tehima\" data-image-description=\"\" data-image-caption=\"\" data-medium-file=\"https:\/\/i0.wp.com\/laplomberieducanal.com\/wp-content\/uploads\/2024\/07\/Tehima.jpg?fit=300%2C95&amp;ssl=1\" data-large-file=\"https:\/\/i0.wp.com\/laplomberieducanal.com\/wp-content\/uploads\/2024\/07\/Tehima.jpg?fit=481%2C153&amp;ssl=1\" tabindex=\"0\" role=\"button\" src=\"https:\/\/i0.wp.com\/laplomberieducanal.com\/wp-content\/uploads\/2024\/07\/Tehima.jpg?resize=481%2C153&#038;ssl=1\" alt=\"\" class=\"wp-image-2147 size-full\" srcset=\"https:\/\/i0.wp.com\/laplomberieducanal.com\/wp-content\/uploads\/2024\/07\/Tehima.jpg?w=481&amp;ssl=1 481w, https:\/\/i0.wp.com\/laplomberieducanal.com\/wp-content\/uploads\/2024\/07\/Tehima.jpg?resize=300%2C95&amp;ssl=1 300w\" sizes=\"(max-width: 481px) 100vw, 481px\" \/><\/figure><div class=\"wp-block-media-text__content\">\n<p>&nbsp;Au carrefour de la <strong>danse contemporaine<\/strong> et des <strong>arts martiaux<\/strong>, la T\u00e9hima est une pratique corporelle, bas\u00e9e sur des connaissances ost\u00e9opathiques.<\/p>\n\n\n\n<p><a href=\"https:\/\/www.facebook.com\/tehimarennes\">Plus d\u2019infos sur la T\u00e9hima<\/a><\/p>\n<\/div><\/div>\n\n\n\n<p><strong>17h15-19h15 | <strong>Mini Stage Chant<\/strong><\/strong> \u00ab\u00a0D\u00e9ploie ta voix\u00a0\u00bb : Prix libre<\/p>\n\n\n\n<div class=\"wp-block-media-text is-stacked-on-mobile\"><figure class=\"wp-block-media-text__media\"><img data-recalc-dims=\"1\" loading=\"lazy\" decoding=\"async\" width=\"1024\" height=\"601\" data-attachment-id=\"2148\" data-permalink=\"https:\/\/laplomberieducanal.com\/index.php\/2024\/07\/01\/un-moment-artistique-et-multidisciplinaire\/olnaro\/\" data-orig-file=\"https:\/\/i0.wp.com\/laplomberieducanal.com\/wp-content\/uploads\/2024\/07\/Olnaro.jpg?fit=1049%2C616&amp;ssl=1\" data-orig-size=\"1049,616\" data-comments-opened=\"1\" data-image-meta=\"{&quot;aperture&quot;:&quot;0&quot;,&quot;credit&quot;:&quot;&quot;,&quot;camera&quot;:&quot;&quot;,&quot;caption&quot;:&quot;&quot;,&quot;created_timestamp&quot;:&quot;0&quot;,&quot;copyright&quot;:&quot;&quot;,&quot;focal_length&quot;:&quot;0&quot;,&quot;iso&quot;:&quot;0&quot;,&quot;shutter_speed&quot;:&quot;0&quot;,&quot;title&quot;:&quot;&quot;,&quot;orientation&quot;:&quot;0&quot;}\" data-image-title=\"Olnaro\" data-image-description=\"\" data-image-caption=\"\" data-medium-file=\"https:\/\/i0.wp.com\/laplomberieducanal.com\/wp-content\/uploads\/2024\/07\/Olnaro.jpg?fit=300%2C176&amp;ssl=1\" data-large-file=\"https:\/\/i0.wp.com\/laplomberieducanal.com\/wp-content\/uploads\/2024\/07\/Olnaro.jpg?fit=1024%2C601&amp;ssl=1\" tabindex=\"0\" role=\"button\" src=\"https:\/\/i0.wp.com\/laplomberieducanal.com\/wp-content\/uploads\/2024\/07\/Olnaro.jpg?resize=1024%2C601&#038;ssl=1\" alt=\"\" class=\"wp-image-2148 size-full\" srcset=\"https:\/\/i0.wp.com\/laplomberieducanal.com\/wp-content\/uploads\/2024\/07\/Olnaro.jpg?resize=1024%2C601&amp;ssl=1 1024w, https:\/\/i0.wp.com\/laplomberieducanal.com\/wp-content\/uploads\/2024\/07\/Olnaro.jpg?resize=300%2C176&amp;ssl=1 300w, https:\/\/i0.wp.com\/laplomberieducanal.com\/wp-content\/uploads\/2024\/07\/Olnaro.jpg?resize=768%2C451&amp;ssl=1 768w, https:\/\/i0.wp.com\/laplomberieducanal.com\/wp-content\/uploads\/2024\/07\/Olnaro.jpg?w=1049&amp;ssl=1 1049w\" sizes=\"(max-width: 1024px) 100vw, 1024px\" \/><\/figure><div class=\"wp-block-media-text__content\">\n<p>&nbsp;Ce stage s&rsquo;adresse \u00e0 toutes et tous, novices, amateurs et professionnels pour aider chacun.e \u00e0 aller plus loin dans l&rsquo;exploration et la compr\u00e9hension de sa voix, pour se \u00ab\u00a0l\u00e2cher\u00a0\u00bb davantage, passer un cap, gagner en puissance et en aisance.<\/p>\n\n\n\n<p><a href=\"https:\/\/www.facebook.com\/events\/25619021334379906\/?rdid=y5AXQTBBZgyx7qcj&amp;share_url=https%3A%2F%2Fwww.facebook.com%2Fshare%2F3t9xPVU4hfnhzpat%2F\">Toutes les infos sur le mini-stage<\/a><\/p>\n<\/div><\/div>\n\n\n\n<p><strong><span style=\"text-decoration: underline;\">MERCREDI 10 et JEUDI 11 JUILLET<\/span><\/strong><\/p>\n\n\n\n<p><strong>Mercredi : 9h45-17h30 &amp; Jeudi : 9h45-16h30 | <strong>Stage Gam\u00e9lan &amp; T\u00e9hima<\/strong><\/strong> \u00ab\u00a0Quand la musique indon\u00e9sienne rencontre le ta\u00ef-chi des lettres h\u00e9bra\u00efques\u00a0\u00bb : 90\u20ac les deux jours (Tarif r\u00e9duit : 70\u20ac)<\/p>\n\n\n\n<div class=\"wp-block-media-text is-stacked-on-mobile\"><figure class=\"wp-block-media-text__media\"><img data-recalc-dims=\"1\" loading=\"lazy\" decoding=\"async\" width=\"1024\" height=\"576\" data-attachment-id=\"2149\" data-permalink=\"https:\/\/laplomberieducanal.com\/index.php\/2024\/07\/01\/un-moment-artistique-et-multidisciplinaire\/stage-gamelantehimz\/\" data-orig-file=\"https:\/\/i0.wp.com\/laplomberieducanal.com\/wp-content\/uploads\/2024\/07\/Stage-GamelanTehimz.jpg?fit=1440%2C810&amp;ssl=1\" data-orig-size=\"1440,810\" data-comments-opened=\"1\" data-image-meta=\"{&quot;aperture&quot;:&quot;0&quot;,&quot;credit&quot;:&quot;&quot;,&quot;camera&quot;:&quot;&quot;,&quot;caption&quot;:&quot;&quot;,&quot;created_timestamp&quot;:&quot;0&quot;,&quot;copyright&quot;:&quot;&quot;,&quot;focal_length&quot;:&quot;0&quot;,&quot;iso&quot;:&quot;0&quot;,&quot;shutter_speed&quot;:&quot;0&quot;,&quot;title&quot;:&quot;&quot;,&quot;orientation&quot;:&quot;0&quot;}\" data-image-title=\"Stage-GamelanTehimz\" data-image-description=\"\" data-image-caption=\"\" data-medium-file=\"https:\/\/i0.wp.com\/laplomberieducanal.com\/wp-content\/uploads\/2024\/07\/Stage-GamelanTehimz.jpg?fit=300%2C169&amp;ssl=1\" data-large-file=\"https:\/\/i0.wp.com\/laplomberieducanal.com\/wp-content\/uploads\/2024\/07\/Stage-GamelanTehimz.jpg?fit=1024%2C576&amp;ssl=1\" tabindex=\"0\" role=\"button\" src=\"https:\/\/i0.wp.com\/laplomberieducanal.com\/wp-content\/uploads\/2024\/07\/Stage-GamelanTehimz.jpg?resize=1024%2C576&#038;ssl=1\" alt=\"\" class=\"wp-image-2149 size-full\" srcset=\"https:\/\/i0.wp.com\/laplomberieducanal.com\/wp-content\/uploads\/2024\/07\/Stage-GamelanTehimz.jpg?resize=1024%2C576&amp;ssl=1 1024w, https:\/\/i0.wp.com\/laplomberieducanal.com\/wp-content\/uploads\/2024\/07\/Stage-GamelanTehimz.jpg?resize=300%2C169&amp;ssl=1 300w, https:\/\/i0.wp.com\/laplomberieducanal.com\/wp-content\/uploads\/2024\/07\/Stage-GamelanTehimz.jpg?resize=768%2C432&amp;ssl=1 768w, https:\/\/i0.wp.com\/laplomberieducanal.com\/wp-content\/uploads\/2024\/07\/Stage-GamelanTehimz.jpg?w=1440&amp;ssl=1 1440w\" sizes=\"(max-width: 1024px) 100vw, 1024px\" \/><\/figure><div class=\"wp-block-media-text__content\">\n<p>&nbsp;Deux jours pour s\u2019immerger dans le monde du Gamelan javanais et de la T\u00e9hima, dans une atmosph\u00e8re joyeuse, curieuse et dynamique. Une mani\u00e8re de s\u2019ouvrir \u00e0 d\u2019autres cultures.<\/p>\n\n\n\n<p><a href=\"https:\/\/www.facebook.com\/events\/1424725398926716\/?rdid=KusjYZ7OTMzGrsmu&amp;share_url=https%3A%2F%2Fwww.facebook.com%2Fshare%2FqeAFmCuxducwZk4c%2F\">R\u00e9servations et infos sur le st<\/a><a href=\"https:\/\/www.facebook.com\/events\/25619021334379906\/?rdid=y5AXQTBBZgyx7qcj&amp;share_url=https%3A%2F%2Fwww.facebook.com%2Fshare%2F3t9xPVU4hfnhzpat%2F\">age<\/a><\/p>\n<\/div><\/div>\n\n\n\n<p><strong><span style=\"text-decoration: underline;\">DIMANCHE 1er SEPTEMBRE<\/span><\/strong> (report du Jeudi 11 juillet annul\u00e9 pour raisons m\u00e9t\u00e9o)<\/p>\n\n\n\n<p><strong>1<\/strong>7<strong>h00 | \u00ab\u00a0<a href=\"https:\/\/www.facebook.com\/sparkleanddustduo\">Sparkle and Dust<\/a>\u00a0\u00bb avec Alicia Du Coustel et Arnaud Halet<\/strong> &#8211; Concert <strong>GRATUIT<\/strong><\/p>\n\n\n\n<div class=\"wp-block-media-text is-stacked-on-mobile\"><figure class=\"wp-block-media-text__media\"><img data-recalc-dims=\"1\" loading=\"lazy\" decoding=\"async\" width=\"506\" height=\"387\" data-attachment-id=\"2095\" data-permalink=\"https:\/\/laplomberieducanal.com\/sparkle-and-dust-18-2\/\" data-orig-file=\"https:\/\/i0.wp.com\/laplomberieducanal.com\/wp-content\/uploads\/2024\/04\/SparkleDust-edited.jpeg?fit=506%2C387&amp;ssl=1\" data-orig-size=\"506,387\" data-comments-opened=\"1\" data-image-meta=\"{&quot;aperture&quot;:&quot;0&quot;,&quot;credit&quot;:&quot;Alicia Du Coustel&quot;,&quot;camera&quot;:&quot;&quot;,&quot;caption&quot;:&quot;&quot;,&quot;created_timestamp&quot;:&quot;0&quot;,&quot;copyright&quot;:&quot;&quot;,&quot;focal_length&quot;:&quot;0&quot;,&quot;iso&quot;:&quot;0&quot;,&quot;shutter_speed&quot;:&quot;0&quot;,&quot;title&quot;:&quot;Sparkle and Dust - 18&quot;,&quot;orientation&quot;:&quot;0&quot;}\" data-image-title=\"Sparkle and Dust &#8211; 18\" data-image-description=\"&lt;p&gt;Un concert \u00e0 la fois p\u00e9tillant et m\u00e9lancolique, aux m\u00e9lodies envo\u00fbtantes&lt;br \/&gt;\net rythmes ent\u00eatants de chansons Indie Folk&lt;\/p&gt;\n\" data-image-caption=\"&lt;p&gt;Sparkle &#038; Dust, duo Alicia Du Coustel et Arnaud Halet &lt;\/p&gt;\n\" data-medium-file=\"https:\/\/i0.wp.com\/laplomberieducanal.com\/wp-content\/uploads\/2024\/04\/SparkleDust-edited.jpeg?fit=300%2C229&amp;ssl=1\" data-large-file=\"https:\/\/i0.wp.com\/laplomberieducanal.com\/wp-content\/uploads\/2024\/04\/SparkleDust-edited.jpeg?fit=506%2C387&amp;ssl=1\" tabindex=\"0\" role=\"button\" src=\"https:\/\/i0.wp.com\/laplomberieducanal.com\/wp-content\/uploads\/2024\/04\/SparkleDust-edited.jpeg?resize=506%2C387&#038;ssl=1\" alt=\"\" class=\"wp-image-2095 size-full\" srcset=\"https:\/\/i0.wp.com\/laplomberieducanal.com\/wp-content\/uploads\/2024\/04\/SparkleDust-edited.jpeg?w=506&amp;ssl=1 506w, https:\/\/i0.wp.com\/laplomberieducanal.com\/wp-content\/uploads\/2024\/04\/SparkleDust-edited.jpeg?resize=300%2C229&amp;ssl=1 300w\" sizes=\"(max-width: 506px) 100vw, 506px\" \/><\/figure><div class=\"wp-block-media-text__content\">\n<p>Alicia Du Coustel et Arnaud Halet&nbsp;plongent <strong>avec tendresse et humour<\/strong> dans les soubresauts de l&rsquo;\u00e2me humaine, port\u00e9s par les <strong>m\u00e9lodies envo\u00fbtantes&nbsp;et rythmes ent\u00eatants<\/strong> de chansons <strong>Indie Folk,<\/strong> reprises ou compositions.<\/p>\n\n\n\n<p><strong>Au Kiosque des Prairies St Martin<\/strong>, 46 Canal St Martin, Rennes &#8211; (pr\u00e8s des P&rsquo;tits Bateaux rennais)<\/p>\n<\/div><\/div>\n\n\n\n<div class=\"wp-block-columns is-layout-flex wp-container-core-columns-is-layout-1 wp-block-columns-is-layout-flex\">\n<div class=\"wp-block-column is-layout-flow wp-block-column-is-layout-flow\"><\/div>\n\n\n\n<div class=\"wp-block-column is-layout-flow wp-block-column-is-layout-flow\"><\/div>\n<\/div>\n\n\n\n<div style=\"height:30px\" aria-hidden=\"true\" class=\"wp-block-spacer\"><\/div>\n","protected":false},"excerpt":{"rendered":"<p>[Saison culturelle 2023-2024] Quoi faire \u00e0 Rennes &#8211; moment artistique &#8211; multidisciplinaire : 4 Jours A la Crois\u00e9e des Arts Dans le cadre de \u00ab\u00a0Cet \u00e9t\u00e9 \u00e0 Rennes\u00ab\u00a0, La Plomberie du Canal est ravie de vous annoncer un moment artistique et multidisciplinaire : A la Crois\u00e9e des Arts. Avec la Compagnie Olnaro , Alicia Ducoustel&hellip; <br \/> <a class=\"read-more\" href=\"https:\/\/laplomberieducanal.com\/index.php\/2024\/07\/01\/un-moment-artistique-et-multidisciplinaire\/\">Lire la suite<\/a><\/p>\n","protected":false},"author":1,"featured_media":2144,"comment_status":"open","ping_status":"open","sticky":true,"template":"","format":"standard","meta":{"_jetpack_memberships_contains_paid_content":false,"footnotes":"","jetpack_publicize_message":"","jetpack_publicize_feature_enabled":true,"jetpack_social_post_already_shared":true,"jetpack_social_options":{"image_generator_settings":{"template":"highway","enabled":false},"version":2}},"categories":[47,45],"tags":[],"jetpack_publicize_connections":[],"yoast_head":"<!-- This site is optimized with the Yoast SEO plugin v23.0 - https:\/\/yoast.com\/wordpress\/plugins\/seo\/ -->\n<title>Bient\u00f4t-Un moment artistique et multidisciplinaire pour toutes et tous - La Plomberie du Canal<\/title>\n<meta name=\"description\" content=\"Quoi faire \u00e0 Rennes - moment artistique - multidisciplinaire : 4 Jours \u00e0 la Crois\u00e9e des Arts, stages et initiations. Musique, danse, Concert\" \/>\n<meta name=\"robots\" content=\"index, follow, max-snippet:-1, max-image-preview:large, max-video-preview:-1\" \/>\n<link rel=\"canonical\" href=\"https:\/\/laplomberieducanal.com\/index.php\/2024\/07\/01\/un-moment-artistique-et-multidisciplinaire\/\" \/>\n<meta property=\"og:locale\" content=\"fr_FR\" \/>\n<meta property=\"og:type\" content=\"article\" \/>\n<meta property=\"og:title\" content=\"Bient\u00f4t-Un moment artistique et multidisciplinaire pour toutes et tous - La Plomberie du Canal\" \/>\n<meta property=\"og:description\" content=\"Quoi faire \u00e0 Rennes - moment artistique - multidisciplinaire : 4 Jours \u00e0 la Crois\u00e9e des Arts, stages et initiations. Musique, danse, Concert\" \/>\n<meta property=\"og:url\" content=\"https:\/\/laplomberieducanal.com\/index.php\/2024\/07\/01\/un-moment-artistique-et-multidisciplinaire\/\" \/>\n<meta property=\"og:site_name\" content=\"La Plomberie du Canal\" \/>\n<meta property=\"article:author\" content=\"https:\/\/www.facebook.com\/PlomberieduCanal\/\" \/>\n<meta property=\"article:published_time\" content=\"2024-07-01T11:07:52+00:00\" \/>\n<meta property=\"article:modified_time\" content=\"2024-10-04T17:25:51+00:00\" \/>\n<meta property=\"og:image\" content=\"https:\/\/laplomberieducanal.com\/wp-content\/uploads\/2024\/07\/OLNARO-Plomberie.jpg\" \/>\n\t<meta property=\"og:image:width\" content=\"1920\" \/>\n\t<meta property=\"og:image:height\" content=\"1080\" \/>\n\t<meta property=\"og:image:type\" content=\"image\/jpeg\" \/>\n<meta name=\"author\" content=\"La plomberie du Canal\" \/>\n<meta name=\"twitter:card\" content=\"summary_large_image\" \/>\n<meta name=\"twitter:label1\" content=\"\u00c9crit par\" \/>\n\t<meta name=\"twitter:data1\" content=\"La plomberie du Canal\" \/>\n\t<meta name=\"twitter:label2\" content=\"Dur\u00e9e de lecture estim\u00e9e\" \/>\n\t<meta name=\"twitter:data2\" content=\"4 minutes\" \/>\n<script type=\"application\/ld+json\" class=\"yoast-schema-graph\">{\"@context\":\"https:\/\/schema.org\",\"@graph\":[{\"@type\":\"Article\",\"@id\":\"https:\/\/laplomberieducanal.com\/index.php\/2024\/07\/01\/un-moment-artistique-et-multidisciplinaire\/#article\",\"isPartOf\":{\"@id\":\"https:\/\/laplomberieducanal.com\/index.php\/2024\/07\/01\/un-moment-artistique-et-multidisciplinaire\/\"},\"author\":{\"name\":\"La plomberie du Canal\",\"@id\":\"https:\/\/laplomberieducanal.com\/#\/schema\/person\/850ed6c8e8df841f4e34655c984f3247\"},\"headline\":\"Bient\u00f4t-Un moment artistique et multidisciplinaire pour toutes et tous\",\"datePublished\":\"2024-07-01T11:07:52+00:00\",\"dateModified\":\"2024-10-04T17:25:51+00:00\",\"mainEntityOfPage\":{\"@id\":\"https:\/\/laplomberieducanal.com\/index.php\/2024\/07\/01\/un-moment-artistique-et-multidisciplinaire\/\"},\"wordCount\":542,\"commentCount\":0,\"publisher\":{\"@id\":\"https:\/\/laplomberieducanal.com\/#organization\"},\"image\":{\"@id\":\"https:\/\/laplomberieducanal.com\/index.php\/2024\/07\/01\/un-moment-artistique-et-multidisciplinaire\/#primaryimage\"},\"thumbnailUrl\":\"https:\/\/i0.wp.com\/laplomberieducanal.com\/wp-content\/uploads\/2024\/07\/OLNARO-Plomberie.jpg?fit=1920%2C1080&ssl=1\",\"articleSection\":[\"A l'affiche\",\"L'actualit\u00e9 culturelle &amp; artistique\"],\"inLanguage\":\"fr-FR\",\"potentialAction\":[{\"@type\":\"CommentAction\",\"name\":\"Comment\",\"target\":[\"https:\/\/laplomberieducanal.com\/index.php\/2024\/07\/01\/un-moment-artistique-et-multidisciplinaire\/#respond\"]}]},{\"@type\":\"WebPage\",\"@id\":\"https:\/\/laplomberieducanal.com\/index.php\/2024\/07\/01\/un-moment-artistique-et-multidisciplinaire\/\",\"url\":\"https:\/\/laplomberieducanal.com\/index.php\/2024\/07\/01\/un-moment-artistique-et-multidisciplinaire\/\",\"name\":\"Bient\u00f4t-Un moment artistique et multidisciplinaire pour toutes et tous - La Plomberie du Canal\",\"isPartOf\":{\"@id\":\"https:\/\/laplomberieducanal.com\/#website\"},\"primaryImageOfPage\":{\"@id\":\"https:\/\/laplomberieducanal.com\/index.php\/2024\/07\/01\/un-moment-artistique-et-multidisciplinaire\/#primaryimage\"},\"image\":{\"@id\":\"https:\/\/laplomberieducanal.com\/index.php\/2024\/07\/01\/un-moment-artistique-et-multidisciplinaire\/#primaryimage\"},\"thumbnailUrl\":\"https:\/\/i0.wp.com\/laplomberieducanal.com\/wp-content\/uploads\/2024\/07\/OLNARO-Plomberie.jpg?fit=1920%2C1080&ssl=1\",\"datePublished\":\"2024-07-01T11:07:52+00:00\",\"dateModified\":\"2024-10-04T17:25:51+00:00\",\"description\":\"Quoi faire \u00e0 Rennes - moment artistique - multidisciplinaire : 4 Jours \u00e0 la Crois\u00e9e des Arts, stages et initiations. Musique, danse, Concert\",\"breadcrumb\":{\"@id\":\"https:\/\/laplomberieducanal.com\/index.php\/2024\/07\/01\/un-moment-artistique-et-multidisciplinaire\/#breadcrumb\"},\"inLanguage\":\"fr-FR\",\"potentialAction\":[{\"@type\":\"ReadAction\",\"target\":[\"https:\/\/laplomberieducanal.com\/index.php\/2024\/07\/01\/un-moment-artistique-et-multidisciplinaire\/\"]}]},{\"@type\":\"ImageObject\",\"inLanguage\":\"fr-FR\",\"@id\":\"https:\/\/laplomberieducanal.com\/index.php\/2024\/07\/01\/un-moment-artistique-et-multidisciplinaire\/#primaryimage\",\"url\":\"https:\/\/i0.wp.com\/laplomberieducanal.com\/wp-content\/uploads\/2024\/07\/OLNARO-Plomberie.jpg?fit=1920%2C1080&ssl=1\",\"contentUrl\":\"https:\/\/i0.wp.com\/laplomberieducanal.com\/wp-content\/uploads\/2024\/07\/OLNARO-Plomberie.jpg?fit=1920%2C1080&ssl=1\",\"width\":1920,\"height\":1080,\"caption\":\"4 Jours A la Crois\u00e9e des Arts. Un moment artistique et pluridisciplinaire\"},{\"@type\":\"BreadcrumbList\",\"@id\":\"https:\/\/laplomberieducanal.com\/index.php\/2024\/07\/01\/un-moment-artistique-et-multidisciplinaire\/#breadcrumb\",\"itemListElement\":[{\"@type\":\"ListItem\",\"position\":1,\"name\":\"Accueil\",\"item\":\"https:\/\/laplomberieducanal.com\/\"},{\"@type\":\"ListItem\",\"position\":2,\"name\":\"Bient\u00f4t-Un moment artistique et multidisciplinaire pour toutes et tous\"}]},{\"@type\":\"WebSite\",\"@id\":\"https:\/\/laplomberieducanal.com\/#website\",\"url\":\"https:\/\/laplomberieducanal.com\/\",\"name\":\"La Plomberie du Canal\",\"description\":\"Association artistique et culturelle\",\"publisher\":{\"@id\":\"https:\/\/laplomberieducanal.com\/#organization\"},\"potentialAction\":[{\"@type\":\"SearchAction\",\"target\":{\"@type\":\"EntryPoint\",\"urlTemplate\":\"https:\/\/laplomberieducanal.com\/?s={search_term_string}\"},\"query-input\":\"required name=search_term_string\"}],\"inLanguage\":\"fr-FR\"},{\"@type\":\"Organization\",\"@id\":\"https:\/\/laplomberieducanal.com\/#organization\",\"name\":\"La Plomberie du Canal\",\"url\":\"https:\/\/laplomberieducanal.com\/\",\"logo\":{\"@type\":\"ImageObject\",\"inLanguage\":\"fr-FR\",\"@id\":\"https:\/\/laplomberieducanal.com\/#\/schema\/logo\/image\/\",\"url\":\"https:\/\/i0.wp.com\/laplomberieducanal.com\/wp-content\/uploads\/2023\/04\/cropped-Logo-La-Plomberie-du-Canal-couleur-sans-contour.png?fit=2105%2C1964&ssl=1\",\"contentUrl\":\"https:\/\/i0.wp.com\/laplomberieducanal.com\/wp-content\/uploads\/2023\/04\/cropped-Logo-La-Plomberie-du-Canal-couleur-sans-contour.png?fit=2105%2C1964&ssl=1\",\"width\":2105,\"height\":1964,\"caption\":\"La Plomberie du Canal\"},\"image\":{\"@id\":\"https:\/\/laplomberieducanal.com\/#\/schema\/logo\/image\/\"}},{\"@type\":\"Person\",\"@id\":\"https:\/\/laplomberieducanal.com\/#\/schema\/person\/850ed6c8e8df841f4e34655c984f3247\",\"name\":\"La plomberie du Canal\",\"image\":{\"@type\":\"ImageObject\",\"inLanguage\":\"fr-FR\",\"@id\":\"https:\/\/laplomberieducanal.com\/#\/schema\/person\/image\/\",\"url\":\"https:\/\/secure.gravatar.com\/avatar\/6fe2d33e9e1904b8baa29a638ffe18c6?s=96&d=mm&r=g\",\"contentUrl\":\"https:\/\/secure.gravatar.com\/avatar\/6fe2d33e9e1904b8baa29a638ffe18c6?s=96&d=mm&r=g\",\"caption\":\"La plomberie du Canal\"},\"sameAs\":[\"http:\/\/laplomberieducanal.com\",\"https:\/\/www.facebook.com\/PlomberieduCanal\/\",\"https:\/\/www.instagram.com\/plomberieducanal\/?igshid=ZDdkNTZiNTM\",\"https:\/\/fr.linkedin.com\/in\/plomberieducanal-art-culture35?original_referer=httpswww.ecosia.org\",\"https:\/\/www.youtube.com\/channel\/UCfL0yD1Nxy3m1qIve26IGfA\"],\"url\":\"https:\/\/laplomberieducanal.com\/index.php\/author\/commadmin\/\"}]}<\/script>\n<!-- \/ Yoast SEO plugin. -->","yoast_head_json":{"title":"Bient\u00f4t-Un moment artistique et multidisciplinaire pour toutes et tous - La Plomberie du Canal","description":"Quoi faire \u00e0 Rennes - moment artistique - multidisciplinaire : 4 Jours \u00e0 la Crois\u00e9e des Arts, stages et initiations. Musique, danse, Concert","robots":{"index":"index","follow":"follow","max-snippet":"max-snippet:-1","max-image-preview":"max-image-preview:large","max-video-preview":"max-video-preview:-1"},"canonical":"https:\/\/laplomberieducanal.com\/index.php\/2024\/07\/01\/un-moment-artistique-et-multidisciplinaire\/","og_locale":"fr_FR","og_type":"article","og_title":"Bient\u00f4t-Un moment artistique et multidisciplinaire pour toutes et tous - La Plomberie du Canal","og_description":"Quoi faire \u00e0 Rennes - moment artistique - multidisciplinaire : 4 Jours \u00e0 la Crois\u00e9e des Arts, stages et initiations. Musique, danse, Concert","og_url":"https:\/\/laplomberieducanal.com\/index.php\/2024\/07\/01\/un-moment-artistique-et-multidisciplinaire\/","og_site_name":"La Plomberie du Canal","article_author":"https:\/\/www.facebook.com\/PlomberieduCanal\/","article_published_time":"2024-07-01T11:07:52+00:00","article_modified_time":"2024-10-04T17:25:51+00:00","og_image":[{"width":1920,"height":1080,"url":"https:\/\/laplomberieducanal.com\/wp-content\/uploads\/2024\/07\/OLNARO-Plomberie.jpg","type":"image\/jpeg"}],"author":"La plomberie du Canal","twitter_card":"summary_large_image","twitter_misc":{"\u00c9crit par":"La plomberie du Canal","Dur\u00e9e de lecture estim\u00e9e":"4 minutes"},"schema":{"@context":"https:\/\/schema.org","@graph":[{"@type":"Article","@id":"https:\/\/laplomberieducanal.com\/index.php\/2024\/07\/01\/un-moment-artistique-et-multidisciplinaire\/#article","isPartOf":{"@id":"https:\/\/laplomberieducanal.com\/index.php\/2024\/07\/01\/un-moment-artistique-et-multidisciplinaire\/"},"author":{"name":"La plomberie du Canal","@id":"https:\/\/laplomberieducanal.com\/#\/schema\/person\/850ed6c8e8df841f4e34655c984f3247"},"headline":"Bient\u00f4t-Un moment artistique et multidisciplinaire pour toutes et tous","datePublished":"2024-07-01T11:07:52+00:00","dateModified":"2024-10-04T17:25:51+00:00","mainEntityOfPage":{"@id":"https:\/\/laplomberieducanal.com\/index.php\/2024\/07\/01\/un-moment-artistique-et-multidisciplinaire\/"},"wordCount":542,"commentCount":0,"publisher":{"@id":"https:\/\/laplomberieducanal.com\/#organization"},"image":{"@id":"https:\/\/laplomberieducanal.com\/index.php\/2024\/07\/01\/un-moment-artistique-et-multidisciplinaire\/#primaryimage"},"thumbnailUrl":"https:\/\/i0.wp.com\/laplomberieducanal.com\/wp-content\/uploads\/2024\/07\/OLNARO-Plomberie.jpg?fit=1920%2C1080&ssl=1","articleSection":["A l'affiche","L'actualit\u00e9 culturelle &amp; artistique"],"inLanguage":"fr-FR","potentialAction":[{"@type":"CommentAction","name":"Comment","target":["https:\/\/laplomberieducanal.com\/index.php\/2024\/07\/01\/un-moment-artistique-et-multidisciplinaire\/#respond"]}]},{"@type":"WebPage","@id":"https:\/\/laplomberieducanal.com\/index.php\/2024\/07\/01\/un-moment-artistique-et-multidisciplinaire\/","url":"https:\/\/laplomberieducanal.com\/index.php\/2024\/07\/01\/un-moment-artistique-et-multidisciplinaire\/","name":"Bient\u00f4t-Un moment artistique et multidisciplinaire pour toutes et tous - La Plomberie du Canal","isPartOf":{"@id":"https:\/\/laplomberieducanal.com\/#website"},"primaryImageOfPage":{"@id":"https:\/\/laplomberieducanal.com\/index.php\/2024\/07\/01\/un-moment-artistique-et-multidisciplinaire\/#primaryimage"},"image":{"@id":"https:\/\/laplomberieducanal.com\/index.php\/2024\/07\/01\/un-moment-artistique-et-multidisciplinaire\/#primaryimage"},"thumbnailUrl":"https:\/\/i0.wp.com\/laplomberieducanal.com\/wp-content\/uploads\/2024\/07\/OLNARO-Plomberie.jpg?fit=1920%2C1080&ssl=1","datePublished":"2024-07-01T11:07:52+00:00","dateModified":"2024-10-04T17:25:51+00:00","description":"Quoi faire \u00e0 Rennes - moment artistique - multidisciplinaire : 4 Jours \u00e0 la Crois\u00e9e des Arts, stages et initiations. Musique, danse, Concert","breadcrumb":{"@id":"https:\/\/laplomberieducanal.com\/index.php\/2024\/07\/01\/un-moment-artistique-et-multidisciplinaire\/#breadcrumb"},"inLanguage":"fr-FR","potentialAction":[{"@type":"ReadAction","target":["https:\/\/laplomberieducanal.com\/index.php\/2024\/07\/01\/un-moment-artistique-et-multidisciplinaire\/"]}]},{"@type":"ImageObject","inLanguage":"fr-FR","@id":"https:\/\/laplomberieducanal.com\/index.php\/2024\/07\/01\/un-moment-artistique-et-multidisciplinaire\/#primaryimage","url":"https:\/\/i0.wp.com\/laplomberieducanal.com\/wp-content\/uploads\/2024\/07\/OLNARO-Plomberie.jpg?fit=1920%2C1080&ssl=1","contentUrl":"https:\/\/i0.wp.com\/laplomberieducanal.com\/wp-content\/uploads\/2024\/07\/OLNARO-Plomberie.jpg?fit=1920%2C1080&ssl=1","width":1920,"height":1080,"caption":"4 Jours A la Crois\u00e9e des Arts. Un moment artistique et pluridisciplinaire"},{"@type":"BreadcrumbList","@id":"https:\/\/laplomberieducanal.com\/index.php\/2024\/07\/01\/un-moment-artistique-et-multidisciplinaire\/#breadcrumb","itemListElement":[{"@type":"ListItem","position":1,"name":"Accueil","item":"https:\/\/laplomberieducanal.com\/"},{"@type":"ListItem","position":2,"name":"Bient\u00f4t-Un moment artistique et multidisciplinaire pour toutes et tous"}]},{"@type":"WebSite","@id":"https:\/\/laplomberieducanal.com\/#website","url":"https:\/\/laplomberieducanal.com\/","name":"La Plomberie du Canal","description":"Association artistique et culturelle","publisher":{"@id":"https:\/\/laplomberieducanal.com\/#organization"},"potentialAction":[{"@type":"SearchAction","target":{"@type":"EntryPoint","urlTemplate":"https:\/\/laplomberieducanal.com\/?s={search_term_string}"},"query-input":"required name=search_term_string"}],"inLanguage":"fr-FR"},{"@type":"Organization","@id":"https:\/\/laplomberieducanal.com\/#organization","name":"La Plomberie du Canal","url":"https:\/\/laplomberieducanal.com\/","logo":{"@type":"ImageObject","inLanguage":"fr-FR","@id":"https:\/\/laplomberieducanal.com\/#\/schema\/logo\/image\/","url":"https:\/\/i0.wp.com\/laplomberieducanal.com\/wp-content\/uploads\/2023\/04\/cropped-Logo-La-Plomberie-du-Canal-couleur-sans-contour.png?fit=2105%2C1964&ssl=1","contentUrl":"https:\/\/i0.wp.com\/laplomberieducanal.com\/wp-content\/uploads\/2023\/04\/cropped-Logo-La-Plomberie-du-Canal-couleur-sans-contour.png?fit=2105%2C1964&ssl=1","width":2105,"height":1964,"caption":"La Plomberie du Canal"},"image":{"@id":"https:\/\/laplomberieducanal.com\/#\/schema\/logo\/image\/"}},{"@type":"Person","@id":"https:\/\/laplomberieducanal.com\/#\/schema\/person\/850ed6c8e8df841f4e34655c984f3247","name":"La plomberie du Canal","image":{"@type":"ImageObject","inLanguage":"fr-FR","@id":"https:\/\/laplomberieducanal.com\/#\/schema\/person\/image\/","url":"https:\/\/secure.gravatar.com\/avatar\/6fe2d33e9e1904b8baa29a638ffe18c6?s=96&d=mm&r=g","contentUrl":"https:\/\/secure.gravatar.com\/avatar\/6fe2d33e9e1904b8baa29a638ffe18c6?s=96&d=mm&r=g","caption":"La plomberie du Canal"},"sameAs":["http:\/\/laplomberieducanal.com","https:\/\/www.facebook.com\/PlomberieduCanal\/","https:\/\/www.instagram.com\/plomberieducanal\/?igshid=ZDdkNTZiNTM","https:\/\/fr.linkedin.com\/in\/plomberieducanal-art-culture35?original_referer=httpswww.ecosia.org","https:\/\/www.youtube.com\/channel\/UCfL0yD1Nxy3m1qIve26IGfA"],"url":"https:\/\/laplomberieducanal.com\/index.php\/author\/commadmin\/"}]}},"jetpack_featured_media_url":"https:\/\/i0.wp.com\/laplomberieducanal.com\/wp-content\/uploads\/2024\/07\/OLNARO-Plomberie.jpg?fit=1920%2C1080&ssl=1","jetpack_sharing_enabled":true,"jetpack_likes_enabled":true,"jetpack_shortlink":"https:\/\/wp.me\/pdRAvF-yw","_links":{"self":[{"href":"https:\/\/laplomberieducanal.com\/index.php\/wp-json\/wp\/v2\/posts\/2140"}],"collection":[{"href":"https:\/\/laplomberieducanal.com\/index.php\/wp-json\/wp\/v2\/posts"}],"about":[{"href":"https:\/\/laplomberieducanal.com\/index.php\/wp-json\/wp\/v2\/types\/post"}],"author":[{"embeddable":true,"href":"https:\/\/laplomberieducanal.com\/index.php\/wp-json\/wp\/v2\/users\/1"}],"replies":[{"embeddable":true,"href":"https:\/\/laplomberieducanal.com\/index.php\/wp-json\/wp\/v2\/comments?post=2140"}],"version-history":[{"count":3,"href":"https:\/\/laplomberieducanal.com\/index.php\/wp-json\/wp\/v2\/posts\/2140\/revisions"}],"predecessor-version":[{"id":2184,"href":"https:\/\/laplomberieducanal.com\/index.php\/wp-json\/wp\/v2\/posts\/2140\/revisions\/2184"}],"wp:featuredmedia":[{"embeddable":true,"href":"https:\/\/laplomberieducanal.com\/index.php\/wp-json\/wp\/v2\/media\/2144"}],"wp:attachment":[{"href":"https:\/\/laplomberieducanal.com\/index.php\/wp-json\/wp\/v2\/media?parent=2140"}],"wp:term":[{"taxonomy":"category","embeddable":true,"href":"https:\/\/laplomberieducanal.com\/index.php\/wp-json\/wp\/v2\/categories?post=2140"},{"taxonomy":"post_tag","embeddable":true,"href":"https:\/\/laplomberieducanal.com\/index.php\/wp-json\/wp\/v2\/tags?post=2140"}],"curies":[{"name":"wp","href":"https:\/\/api.w.org\/{rel}","templated":true}]}}