{"id":258,"date":"2021-05-20T11:50:21","date_gmt":"2021-05-20T09:50:21","guid":{"rendered":"https:\/\/laplomberieducanal.com\/?p=258"},"modified":"2021-05-26T15:44:53","modified_gmt":"2021-05-26T13:44:53","slug":"nouvelle-identite-visuelle-la-plomberie-du-canal","status":"publish","type":"post","link":"https:\/\/laplomberieducanal.com\/index.php\/2021\/05\/20\/nouvelle-identite-visuelle-la-plomberie-du-canal\/","title":{"rendered":"Une nouvelle identit\u00e9 visuelle pour La Plomberie du Canal"},"content":{"rendered":"\n<h2 class=\"wp-block-heading\"><strong>Apr\u00e8s de longues semaines, toute l\u2019\u00e9quipe de La Plomberie du Canal est fi\u00e8re de vous pr\u00e9senter notre nouvelle identit\u00e9 visuelle.<\/strong><\/h2>\n\n\n\n<p>Adh\u00e9rents de longue date ou nouveau venu, vous avez peut-\u00eatre remarqu\u00e9 que nos publications ont \u00e9volu\u00e9es ces derniers temps&nbsp;: nouvelles couleurs, nouveaux visuels\u2026 Un renouveau bienvenu apr\u00e8s plus de dix ans d\u2019activit\u00e9s sur le territoire rennais&nbsp;!<\/p>\n\n\n\n<p>L\u2019accueil de notre stagiaire en projets de communication, No\u00e9mie Clauzet, nous a permis de nous repositionner en tant qu\u2019organisation. Apr\u00e8s la r\u00e9alisation d\u2019un diagnostic de communication, <strong>l<\/strong><strong>\u2019identit\u00e9 visuelle de La Plomberie du Canal <\/strong><strong>\u00e9tait une \u00e9tape cruciale <\/strong><strong>\u00e0 r\u00e9aliser<\/strong>.<\/p>\n\n\n\n<p>Pour permettre \u00e0 l\u2019association de conforter ses missions et son identit\u00e9, nous avons d\u00e9velopp\u00e9 une <strong>charte graphique<\/strong> repr\u00e9sentative de nos valeurs et nos missions.<\/p>\n\n\n\n<h2 class=\"has-text-color wp-block-heading\" style=\"color:#a70048\"><strong>Arborons nos couleurs&nbsp;!<\/strong><\/h2>\n\n\n\n<p>Des semaines de r\u00e9flexion ont \u00e9t\u00e9 n\u00e9cessaires pour d\u00e9terminer quelles couleurs seraient utilis\u00e9es, dans le but qu\u2019elles soient coh\u00e9rentes avec notre <strong>ADN associatif, social et artistique<\/strong>.<\/p>\n\n\n\n<p>Nous devions trouver des couleurs \u00e0 ces symboliques particuli\u00e8res qui nous tenaient \u00e0 c\u0153ur d\u2019exprimer.<\/p>\n\n\n\n<div class=\"wp-block-columns is-layout-flex wp-container-core-columns-is-layout-1 wp-block-columns-is-layout-flex\">\n<div class=\"wp-block-column is-layout-flow wp-block-column-is-layout-flow\" style=\"flex-basis:33.33%\">\n<figure class=\"wp-block-image size-large\"><img data-recalc-dims=\"1\" decoding=\"async\" src=\"https:\/\/i0.wp.com\/laplomberieducanal.com\/wp-content\/uploads\/2021\/04\/Couleur_principale.png?w=3840&#038;ssl=1\" alt=\"\" class=\"wp-image-5099\"\/><\/figure>\n<\/div>\n\n\n\n<div class=\"wp-block-column is-vertically-aligned-center is-layout-flow wp-block-column-is-layout-flow\" style=\"flex-basis:66.66%\">\n<p><strong>Couleur principale&nbsp;<\/strong>: que nous utilisons majoritairement en fond sur nos prochaines publications.<br>Une couleur de fum\u00e9e blanche qui nous inspire le calme et la douceur.<\/p>\n<\/div>\n<\/div>\n\n\n\n<div class=\"wp-block-columns is-layout-flex wp-container-core-columns-is-layout-2 wp-block-columns-is-layout-flex\">\n<div class=\"wp-block-column is-layout-flow wp-block-column-is-layout-flow\" style=\"flex-basis:33.33%\">\n<figure class=\"wp-block-image size-large\"><img data-recalc-dims=\"1\" decoding=\"async\" src=\"https:\/\/i0.wp.com\/laplomberieducanal.com\/wp-content\/uploads\/2021\/04\/Couleur_de_transition.png?w=3840&#038;ssl=1\" alt=\"\" class=\"wp-image-5100\"\/><\/figure>\n<\/div>\n\n\n\n<div class=\"wp-block-column is-vertically-aligned-center is-layout-flow wp-block-column-is-layout-flow\" style=\"flex-basis:66.66%\">\n<p><strong>Couleur de transition&nbsp;<\/strong>: que nous utiliserons pour encadrer nos informations.<br>Un rouge bordeaux chaleureux aux sous-tons ros\u00e9s qui apporte un certain dynamisme.<\/p>\n<\/div>\n<\/div>\n\n\n\n<div class=\"wp-block-columns is-layout-flex wp-container-core-columns-is-layout-3 wp-block-columns-is-layout-flex\">\n<div class=\"wp-block-column is-layout-flow wp-block-column-is-layout-flow\" style=\"flex-basis:33.33%\">\n<figure class=\"wp-block-image size-large\"><img data-recalc-dims=\"1\" decoding=\"async\" src=\"https:\/\/i0.wp.com\/laplomberieducanal.com\/wp-content\/uploads\/2021\/04\/Couleur_de_contraste.png?w=3840&#038;ssl=1\" alt=\"\" class=\"wp-image-5101\"\/><\/figure>\n<\/div>\n\n\n\n<div class=\"wp-block-column is-vertically-aligned-center is-layout-flow wp-block-column-is-layout-flow\" style=\"flex-basis:66.66%\">\n<p><strong>Couleur de contraste&nbsp;<\/strong>: pour apporter de la profondeur dans nos futurs visuels.<br>Un gris anthracite apaisant et bien plus \u00e9l\u00e9gant que le noir&nbsp;!<\/p>\n<\/div>\n<\/div>\n\n\n\n<div class=\"wp-block-columns is-layout-flex wp-container-core-columns-is-layout-4 wp-block-columns-is-layout-flex\">\n<div class=\"wp-block-column is-layout-flow wp-block-column-is-layout-flow\" style=\"flex-basis:33.33%\">\n<figure class=\"wp-block-image size-large\"><img data-recalc-dims=\"1\" decoding=\"async\" src=\"https:\/\/i0.wp.com\/laplomberieducanal.com\/wp-content\/uploads\/2021\/04\/Couleur_signature.png?w=3840&#038;ssl=1\" alt=\"\" class=\"wp-image-5102\"\/><\/figure>\n<\/div>\n\n\n\n<div class=\"wp-block-column is-vertically-aligned-center is-layout-flow wp-block-column-is-layout-flow\" style=\"flex-basis:66.66%\">\n<p><strong>Couleur signature&nbsp;<\/strong>: notre couleur phare&nbsp;!<br>La couleur mandarine dor\u00e9e repr\u00e9sente \u00e0 la fois l\u2019\u00e9nergie que nous mettons dans nos missions, mais \u00e9galement c\u2019est la couleur de la bonne humeur et de la joie de vivre.<\/p>\n<\/div>\n<\/div>\n\n\n\n<div class=\"wp-block-columns is-layout-flex wp-container-core-columns-is-layout-5 wp-block-columns-is-layout-flex\">\n<div class=\"wp-block-column is-layout-flow wp-block-column-is-layout-flow\" style=\"flex-basis:33.33%\">\n<figure class=\"wp-block-image size-large is-style-default\"><img data-recalc-dims=\"1\" decoding=\"async\" src=\"https:\/\/i0.wp.com\/laplomberieducanal.com\/wp-content\/uploads\/2021\/04\/Couleurs_additionnelles.png?w=3840&#038;ssl=1\" alt=\"\" class=\"wp-image-5103\"\/><\/figure>\n<\/div>\n\n\n\n<div class=\"wp-block-column is-vertically-aligned-center is-layout-flow wp-block-column-is-layout-flow\" style=\"flex-basis:66.66%\">\n<p><strong>Couleurs additionnelles&nbsp;<\/strong>: en soutien aux couleurs pr\u00e9c\u00e9dentes.<br>Le bleu smalt exprime \u00e0 la fois la confiance et la loyaut\u00e9 de nos intervenants. Le bleu fum\u00e9 est associ\u00e9 \u00e0 la libert\u00e9 et la jeunesse, public singulier de l\u2019association.<\/p>\n\n\n\n<p>Ces deux couleurs rappellent \u00e9galement notre ancrage historique sur la rive du <strong>Canal Saint-Martin \u00e0 Rennes&nbsp;<\/strong>!<\/p>\n<\/div>\n<\/div>\n\n\n\n<h2 class=\"has-text-color wp-block-heading\" style=\"color:#a70048\"><strong>Un nouveau logo<\/strong><\/h2>\n\n\n\n<p>Cette nouvelle identit\u00e9 ne saurait avoir vu le jour sans un <strong>nouveau logo<\/strong>.<\/p>\n\n\n\n<p>Nous souhaitions repr\u00e9senter \u00e0 la fois nos activit\u00e9s \u00e0 <strong>dominante spectacle vivant<\/strong>, la <strong>qualit\u00e9<\/strong> et le <strong>s\u00e9rieux de notre d\u00e9marche<\/strong> tout en insistant sur <strong>l\u2019\u00e9nergie que nous mettons au service de nos publics<\/strong>.<\/p>\n\n\n\n<p>Avant toute chose, il \u00e9tait n\u00e9cessaire d\u2019<strong>utiliser des formes graphiques repr\u00e9sentatives de nos valeurs<\/strong>.<\/p>\n\n\n\n<div class=\"wp-block-columns is-layout-flex wp-container-core-columns-is-layout-6 wp-block-columns-is-layout-flex\">\n<div class=\"wp-block-column is-vertically-aligned-center is-layout-flow wp-block-column-is-layout-flow\" style=\"flex-basis:66.66%\">\n<p>Les <strong>cercles<\/strong> symbolisent l\u2019unit\u00e9 et le mouvement, qualificatifs que nous consid\u00e9rons essentiels pour repr\u00e9senter nos intervenants et le but de nos activit\u00e9s. <br>Les <strong>lignes droites<\/strong> rappellent la d\u00e9termination et la stabilit\u00e9, tout en pr\u00e9cisant l\u2019id\u00e9e d\u2019une progression.<\/p>\n\n\n\n<p>Apr\u00e8s 10 ans d\u2019activit\u00e9s, il \u00e9tait \u00e9vident que nous souhaitions mettre en avant ces qualit\u00e9s que nous portons fi\u00e8rement.<\/p>\n<\/div>\n\n\n\n<div class=\"wp-block-column is-layout-flow wp-block-column-is-layout-flow\" style=\"flex-basis:33.33%\">\n<figure class=\"wp-block-image size-large\"><img data-recalc-dims=\"1\" height=\"955\" width=\"1024\" decoding=\"async\" src=\"https:\/\/i0.wp.com\/laplomberieducanal.com\/wp-content\/uploads\/2021\/04\/Logo-La-Plomberie-du-Canal-couleur-1024x955.png?resize=1024%2C955&#038;ssl=1\" alt=\"\" class=\"wp-image-5097\"\/><\/figure>\n<\/div>\n<\/div>\n\n\n\n<p>Nous avons ensuite identifi\u00e9 un objet iconique du spectacle vivant&nbsp;: les <strong>projecteurs<\/strong>. Ils marquent \u00e0 la fois notre amour des arts et de la culture, mais \u00e9galement notre volont\u00e9 de continuer \u00e0 <strong>mettre en lumi\u00e8re les artistes de tous les horizons<\/strong>.<\/p>\n\n\n\n<p>Enfin, notre couleur signature qui fait rayonner la <strong>silhouette du hangar&nbsp;<\/strong>: lieu embl\u00e9matique de l\u2019association.<\/p>\n\n\n\n<h2 class=\"has-text-color wp-block-heading\" style=\"color:#a70048\"><strong>Et apr\u00e8s ?<\/strong><\/h2>\n\n\n\n<p>Notre volont\u00e9 de <strong>reconstruire une identit\u00e9 \u00e0 La Plomberie du Canal<\/strong> ne s\u2019arr\u00eate pas l\u00e0&nbsp;!<\/p>\n\n\n\n<p>Pour \u00eatre tenu au courant des <strong>actualit\u00e9s de l\u2019association<\/strong>, vous pouvez vous inscrire \u00e0 notre newsletter ou nous suivre sur nos r\u00e9seaux sociaux&nbsp;!<\/p>\n\n\n\n<div class=\"wp-block-buttons is-content-justification-center is-layout-flex wp-block-buttons-is-layout-flex\">\n<div class=\"wp-block-button is-style-outline\"><a class=\"wp-block-button__link has-white-background-color has-text-color has-background\" href=\"https:\/\/www.facebook.com\/PlomberieduCanal\" style=\"color:#febe32\" target=\"_blank\" rel=\"noreferrer noopener\"><strong>Facebook<\/strong><\/a><\/div>\n\n\n\n<div class=\"wp-block-button is-style-outline\"><a class=\"wp-block-button__link has-white-background-color has-text-color has-background\" href=\"https:\/\/www.instagram.com\/plomberieducanal\/\" style=\"color:#febe32\" target=\"_blank\" rel=\"noreferrer noopener\"><strong>Instagram<\/strong><\/a><\/div>\n<\/div>\n\n\n\n<p>Laissez-nous vos impressions en <strong>commentaire<\/strong>, nous serons ravis de les conna\u00eetre&nbsp;!<\/p>\n","protected":false},"excerpt":{"rendered":"<p>Apr\u00e8s de longues semaines, toute l\u2019\u00e9quipe de La Plomberie du Canal est fi\u00e8re de vous pr\u00e9senter notre nouvelle identit\u00e9 visuelle.<\/p>\n","protected":false},"author":1,"featured_media":381,"comment_status":"open","ping_status":"open","sticky":false,"template":"","format":"standard","meta":{"_jetpack_memberships_contains_paid_content":false,"footnotes":"","jetpack_publicize_message":"","jetpack_publicize_feature_enabled":true,"jetpack_social_post_already_shared":false,"jetpack_social_options":{"image_generator_settings":{"template":"highway","enabled":false},"version":2}},"categories":[1],"tags":[],"jetpack_publicize_connections":[],"yoast_head":"<!-- This site is optimized with the Yoast SEO plugin v23.0 - https:\/\/yoast.com\/wordpress\/plugins\/seo\/ -->\n<title>Une nouvelle identit\u00e9 visuelle pour La Plomberie du Canal - La Plomberie du Canal<\/title>\n<meta name=\"robots\" content=\"index, follow, max-snippet:-1, max-image-preview:large, max-video-preview:-1\" \/>\n<link rel=\"canonical\" href=\"https:\/\/laplomberieducanal.com\/index.php\/2021\/05\/20\/nouvelle-identite-visuelle-la-plomberie-du-canal\/\" \/>\n<meta property=\"og:locale\" content=\"fr_FR\" \/>\n<meta property=\"og:type\" content=\"article\" \/>\n<meta property=\"og:title\" content=\"Une nouvelle identit\u00e9 visuelle pour La Plomberie du Canal - La Plomberie du Canal\" \/>\n<meta property=\"og:description\" content=\"Apr\u00e8s de longues semaines, toute l\u2019\u00e9quipe de La Plomberie du Canal est fi\u00e8re de vous pr\u00e9senter notre nouvelle identit\u00e9 visuelle.\" \/>\n<meta property=\"og:url\" content=\"https:\/\/laplomberieducanal.com\/index.php\/2021\/05\/20\/nouvelle-identite-visuelle-la-plomberie-du-canal\/\" \/>\n<meta property=\"og:site_name\" content=\"La Plomberie du Canal\" \/>\n<meta property=\"article:author\" content=\"https:\/\/www.facebook.com\/PlomberieduCanal\/\" \/>\n<meta property=\"article:published_time\" content=\"2021-05-20T09:50:21+00:00\" \/>\n<meta property=\"article:modified_time\" content=\"2021-05-26T13:44:53+00:00\" \/>\n<meta property=\"og:image\" content=\"https:\/\/laplomberieducanal.com\/wp-content\/uploads\/2021\/05\/Post-FB.-Article.png\" \/>\n\t<meta property=\"og:image:width\" content=\"940\" \/>\n\t<meta property=\"og:image:height\" content=\"788\" \/>\n\t<meta property=\"og:image:type\" content=\"image\/png\" \/>\n<meta name=\"author\" content=\"La plomberie du Canal\" \/>\n<meta name=\"twitter:card\" content=\"summary_large_image\" \/>\n<meta name=\"twitter:label1\" content=\"\u00c9crit par\" \/>\n\t<meta name=\"twitter:data1\" content=\"La plomberie du Canal\" \/>\n\t<meta name=\"twitter:label2\" content=\"Dur\u00e9e de lecture estim\u00e9e\" \/>\n\t<meta name=\"twitter:data2\" content=\"3 minutes\" \/>\n<script type=\"application\/ld+json\" class=\"yoast-schema-graph\">{\"@context\":\"https:\/\/schema.org\",\"@graph\":[{\"@type\":\"Article\",\"@id\":\"https:\/\/laplomberieducanal.com\/index.php\/2021\/05\/20\/nouvelle-identite-visuelle-la-plomberie-du-canal\/#article\",\"isPartOf\":{\"@id\":\"https:\/\/laplomberieducanal.com\/index.php\/2021\/05\/20\/nouvelle-identite-visuelle-la-plomberie-du-canal\/\"},\"author\":{\"name\":\"La plomberie du Canal\",\"@id\":\"https:\/\/laplomberieducanal.com\/#\/schema\/person\/850ed6c8e8df841f4e34655c984f3247\"},\"headline\":\"Une nouvelle identit\u00e9 visuelle pour La Plomberie du Canal\",\"datePublished\":\"2021-05-20T09:50:21+00:00\",\"dateModified\":\"2021-05-26T13:44:53+00:00\",\"mainEntityOfPage\":{\"@id\":\"https:\/\/laplomberieducanal.com\/index.php\/2021\/05\/20\/nouvelle-identite-visuelle-la-plomberie-du-canal\/\"},\"wordCount\":631,\"commentCount\":0,\"publisher\":{\"@id\":\"https:\/\/laplomberieducanal.com\/#organization\"},\"image\":{\"@id\":\"https:\/\/laplomberieducanal.com\/index.php\/2021\/05\/20\/nouvelle-identite-visuelle-la-plomberie-du-canal\/#primaryimage\"},\"thumbnailUrl\":\"https:\/\/i0.wp.com\/laplomberieducanal.com\/wp-content\/uploads\/2021\/05\/Post-FB.-Article.png?fit=940%2C788&ssl=1\",\"inLanguage\":\"fr-FR\",\"potentialAction\":[{\"@type\":\"CommentAction\",\"name\":\"Comment\",\"target\":[\"https:\/\/laplomberieducanal.com\/index.php\/2021\/05\/20\/nouvelle-identite-visuelle-la-plomberie-du-canal\/#respond\"]}]},{\"@type\":\"WebPage\",\"@id\":\"https:\/\/laplomberieducanal.com\/index.php\/2021\/05\/20\/nouvelle-identite-visuelle-la-plomberie-du-canal\/\",\"url\":\"https:\/\/laplomberieducanal.com\/index.php\/2021\/05\/20\/nouvelle-identite-visuelle-la-plomberie-du-canal\/\",\"name\":\"Une nouvelle identit\u00e9 visuelle pour La Plomberie du Canal - La Plomberie du Canal\",\"isPartOf\":{\"@id\":\"https:\/\/laplomberieducanal.com\/#website\"},\"primaryImageOfPage\":{\"@id\":\"https:\/\/laplomberieducanal.com\/index.php\/2021\/05\/20\/nouvelle-identite-visuelle-la-plomberie-du-canal\/#primaryimage\"},\"image\":{\"@id\":\"https:\/\/laplomberieducanal.com\/index.php\/2021\/05\/20\/nouvelle-identite-visuelle-la-plomberie-du-canal\/#primaryimage\"},\"thumbnailUrl\":\"https:\/\/i0.wp.com\/laplomberieducanal.com\/wp-content\/uploads\/2021\/05\/Post-FB.-Article.png?fit=940%2C788&ssl=1\",\"datePublished\":\"2021-05-20T09:50:21+00:00\",\"dateModified\":\"2021-05-26T13:44:53+00:00\",\"breadcrumb\":{\"@id\":\"https:\/\/laplomberieducanal.com\/index.php\/2021\/05\/20\/nouvelle-identite-visuelle-la-plomberie-du-canal\/#breadcrumb\"},\"inLanguage\":\"fr-FR\",\"potentialAction\":[{\"@type\":\"ReadAction\",\"target\":[\"https:\/\/laplomberieducanal.com\/index.php\/2021\/05\/20\/nouvelle-identite-visuelle-la-plomberie-du-canal\/\"]}]},{\"@type\":\"ImageObject\",\"inLanguage\":\"fr-FR\",\"@id\":\"https:\/\/laplomberieducanal.com\/index.php\/2021\/05\/20\/nouvelle-identite-visuelle-la-plomberie-du-canal\/#primaryimage\",\"url\":\"https:\/\/i0.wp.com\/laplomberieducanal.com\/wp-content\/uploads\/2021\/05\/Post-FB.-Article.png?fit=940%2C788&ssl=1\",\"contentUrl\":\"https:\/\/i0.wp.com\/laplomberieducanal.com\/wp-content\/uploads\/2021\/05\/Post-FB.-Article.png?fit=940%2C788&ssl=1\",\"width\":940,\"height\":788,\"caption\":\"Nouvelle identit\u00e9 visuelle La Plomberie du Canal\"},{\"@type\":\"BreadcrumbList\",\"@id\":\"https:\/\/laplomberieducanal.com\/index.php\/2021\/05\/20\/nouvelle-identite-visuelle-la-plomberie-du-canal\/#breadcrumb\",\"itemListElement\":[{\"@type\":\"ListItem\",\"position\":1,\"name\":\"Accueil\",\"item\":\"https:\/\/laplomberieducanal.com\/\"},{\"@type\":\"ListItem\",\"position\":2,\"name\":\"Une nouvelle identit\u00e9 visuelle pour La Plomberie du Canal\"}]},{\"@type\":\"WebSite\",\"@id\":\"https:\/\/laplomberieducanal.com\/#website\",\"url\":\"https:\/\/laplomberieducanal.com\/\",\"name\":\"La Plomberie du Canal\",\"description\":\"Association artistique et culturelle\",\"publisher\":{\"@id\":\"https:\/\/laplomberieducanal.com\/#organization\"},\"potentialAction\":[{\"@type\":\"SearchAction\",\"target\":{\"@type\":\"EntryPoint\",\"urlTemplate\":\"https:\/\/laplomberieducanal.com\/?s={search_term_string}\"},\"query-input\":\"required name=search_term_string\"}],\"inLanguage\":\"fr-FR\"},{\"@type\":\"Organization\",\"@id\":\"https:\/\/laplomberieducanal.com\/#organization\",\"name\":\"La Plomberie du Canal\",\"url\":\"https:\/\/laplomberieducanal.com\/\",\"logo\":{\"@type\":\"ImageObject\",\"inLanguage\":\"fr-FR\",\"@id\":\"https:\/\/laplomberieducanal.com\/#\/schema\/logo\/image\/\",\"url\":\"https:\/\/i0.wp.com\/laplomberieducanal.com\/wp-content\/uploads\/2023\/04\/cropped-Logo-La-Plomberie-du-Canal-couleur-sans-contour.png?fit=2105%2C1964&ssl=1\",\"contentUrl\":\"https:\/\/i0.wp.com\/laplomberieducanal.com\/wp-content\/uploads\/2023\/04\/cropped-Logo-La-Plomberie-du-Canal-couleur-sans-contour.png?fit=2105%2C1964&ssl=1\",\"width\":2105,\"height\":1964,\"caption\":\"La Plomberie du Canal\"},\"image\":{\"@id\":\"https:\/\/laplomberieducanal.com\/#\/schema\/logo\/image\/\"}},{\"@type\":\"Person\",\"@id\":\"https:\/\/laplomberieducanal.com\/#\/schema\/person\/850ed6c8e8df841f4e34655c984f3247\",\"name\":\"La plomberie du Canal\",\"image\":{\"@type\":\"ImageObject\",\"inLanguage\":\"fr-FR\",\"@id\":\"https:\/\/laplomberieducanal.com\/#\/schema\/person\/image\/\",\"url\":\"https:\/\/secure.gravatar.com\/avatar\/6fe2d33e9e1904b8baa29a638ffe18c6?s=96&d=mm&r=g\",\"contentUrl\":\"https:\/\/secure.gravatar.com\/avatar\/6fe2d33e9e1904b8baa29a638ffe18c6?s=96&d=mm&r=g\",\"caption\":\"La plomberie du Canal\"},\"sameAs\":[\"http:\/\/laplomberieducanal.com\",\"https:\/\/www.facebook.com\/PlomberieduCanal\/\",\"https:\/\/www.instagram.com\/plomberieducanal\/?igshid=ZDdkNTZiNTM\",\"https:\/\/fr.linkedin.com\/in\/plomberieducanal-art-culture35?original_referer=httpswww.ecosia.org\",\"https:\/\/www.youtube.com\/channel\/UCfL0yD1Nxy3m1qIve26IGfA\"],\"url\":\"https:\/\/laplomberieducanal.com\/index.php\/author\/commadmin\/\"}]}<\/script>\n<!-- \/ Yoast SEO plugin. -->","yoast_head_json":{"title":"Une nouvelle identit\u00e9 visuelle pour La Plomberie du Canal - La Plomberie du Canal","robots":{"index":"index","follow":"follow","max-snippet":"max-snippet:-1","max-image-preview":"max-image-preview:large","max-video-preview":"max-video-preview:-1"},"canonical":"https:\/\/laplomberieducanal.com\/index.php\/2021\/05\/20\/nouvelle-identite-visuelle-la-plomberie-du-canal\/","og_locale":"fr_FR","og_type":"article","og_title":"Une nouvelle identit\u00e9 visuelle pour La Plomberie du Canal - La Plomberie du Canal","og_description":"Apr\u00e8s de longues semaines, toute l\u2019\u00e9quipe de La Plomberie du Canal est fi\u00e8re de vous pr\u00e9senter notre nouvelle identit\u00e9 visuelle.","og_url":"https:\/\/laplomberieducanal.com\/index.php\/2021\/05\/20\/nouvelle-identite-visuelle-la-plomberie-du-canal\/","og_site_name":"La Plomberie du Canal","article_author":"https:\/\/www.facebook.com\/PlomberieduCanal\/","article_published_time":"2021-05-20T09:50:21+00:00","article_modified_time":"2021-05-26T13:44:53+00:00","og_image":[{"width":940,"height":788,"url":"https:\/\/laplomberieducanal.com\/wp-content\/uploads\/2021\/05\/Post-FB.-Article.png","type":"image\/png"}],"author":"La plomberie du Canal","twitter_card":"summary_large_image","twitter_misc":{"\u00c9crit par":"La plomberie du Canal","Dur\u00e9e de lecture estim\u00e9e":"3 minutes"},"schema":{"@context":"https:\/\/schema.org","@graph":[{"@type":"Article","@id":"https:\/\/laplomberieducanal.com\/index.php\/2021\/05\/20\/nouvelle-identite-visuelle-la-plomberie-du-canal\/#article","isPartOf":{"@id":"https:\/\/laplomberieducanal.com\/index.php\/2021\/05\/20\/nouvelle-identite-visuelle-la-plomberie-du-canal\/"},"author":{"name":"La plomberie du Canal","@id":"https:\/\/laplomberieducanal.com\/#\/schema\/person\/850ed6c8e8df841f4e34655c984f3247"},"headline":"Une nouvelle identit\u00e9 visuelle pour La Plomberie du Canal","datePublished":"2021-05-20T09:50:21+00:00","dateModified":"2021-05-26T13:44:53+00:00","mainEntityOfPage":{"@id":"https:\/\/laplomberieducanal.com\/index.php\/2021\/05\/20\/nouvelle-identite-visuelle-la-plomberie-du-canal\/"},"wordCount":631,"commentCount":0,"publisher":{"@id":"https:\/\/laplomberieducanal.com\/#organization"},"image":{"@id":"https:\/\/laplomberieducanal.com\/index.php\/2021\/05\/20\/nouvelle-identite-visuelle-la-plomberie-du-canal\/#primaryimage"},"thumbnailUrl":"https:\/\/i0.wp.com\/laplomberieducanal.com\/wp-content\/uploads\/2021\/05\/Post-FB.-Article.png?fit=940%2C788&ssl=1","inLanguage":"fr-FR","potentialAction":[{"@type":"CommentAction","name":"Comment","target":["https:\/\/laplomberieducanal.com\/index.php\/2021\/05\/20\/nouvelle-identite-visuelle-la-plomberie-du-canal\/#respond"]}]},{"@type":"WebPage","@id":"https:\/\/laplomberieducanal.com\/index.php\/2021\/05\/20\/nouvelle-identite-visuelle-la-plomberie-du-canal\/","url":"https:\/\/laplomberieducanal.com\/index.php\/2021\/05\/20\/nouvelle-identite-visuelle-la-plomberie-du-canal\/","name":"Une nouvelle identit\u00e9 visuelle pour La Plomberie du Canal - La Plomberie du Canal","isPartOf":{"@id":"https:\/\/laplomberieducanal.com\/#website"},"primaryImageOfPage":{"@id":"https:\/\/laplomberieducanal.com\/index.php\/2021\/05\/20\/nouvelle-identite-visuelle-la-plomberie-du-canal\/#primaryimage"},"image":{"@id":"https:\/\/laplomberieducanal.com\/index.php\/2021\/05\/20\/nouvelle-identite-visuelle-la-plomberie-du-canal\/#primaryimage"},"thumbnailUrl":"https:\/\/i0.wp.com\/laplomberieducanal.com\/wp-content\/uploads\/2021\/05\/Post-FB.-Article.png?fit=940%2C788&ssl=1","datePublished":"2021-05-20T09:50:21+00:00","dateModified":"2021-05-26T13:44:53+00:00","breadcrumb":{"@id":"https:\/\/laplomberieducanal.com\/index.php\/2021\/05\/20\/nouvelle-identite-visuelle-la-plomberie-du-canal\/#breadcrumb"},"inLanguage":"fr-FR","potentialAction":[{"@type":"ReadAction","target":["https:\/\/laplomberieducanal.com\/index.php\/2021\/05\/20\/nouvelle-identite-visuelle-la-plomberie-du-canal\/"]}]},{"@type":"ImageObject","inLanguage":"fr-FR","@id":"https:\/\/laplomberieducanal.com\/index.php\/2021\/05\/20\/nouvelle-identite-visuelle-la-plomberie-du-canal\/#primaryimage","url":"https:\/\/i0.wp.com\/laplomberieducanal.com\/wp-content\/uploads\/2021\/05\/Post-FB.-Article.png?fit=940%2C788&ssl=1","contentUrl":"https:\/\/i0.wp.com\/laplomberieducanal.com\/wp-content\/uploads\/2021\/05\/Post-FB.-Article.png?fit=940%2C788&ssl=1","width":940,"height":788,"caption":"Nouvelle identit\u00e9 visuelle La Plomberie du Canal"},{"@type":"BreadcrumbList","@id":"https:\/\/laplomberieducanal.com\/index.php\/2021\/05\/20\/nouvelle-identite-visuelle-la-plomberie-du-canal\/#breadcrumb","itemListElement":[{"@type":"ListItem","position":1,"name":"Accueil","item":"https:\/\/laplomberieducanal.com\/"},{"@type":"ListItem","position":2,"name":"Une nouvelle identit\u00e9 visuelle pour La Plomberie du Canal"}]},{"@type":"WebSite","@id":"https:\/\/laplomberieducanal.com\/#website","url":"https:\/\/laplomberieducanal.com\/","name":"La Plomberie du Canal","description":"Association artistique et culturelle","publisher":{"@id":"https:\/\/laplomberieducanal.com\/#organization"},"potentialAction":[{"@type":"SearchAction","target":{"@type":"EntryPoint","urlTemplate":"https:\/\/laplomberieducanal.com\/?s={search_term_string}"},"query-input":"required name=search_term_string"}],"inLanguage":"fr-FR"},{"@type":"Organization","@id":"https:\/\/laplomberieducanal.com\/#organization","name":"La Plomberie du Canal","url":"https:\/\/laplomberieducanal.com\/","logo":{"@type":"ImageObject","inLanguage":"fr-FR","@id":"https:\/\/laplomberieducanal.com\/#\/schema\/logo\/image\/","url":"https:\/\/i0.wp.com\/laplomberieducanal.com\/wp-content\/uploads\/2023\/04\/cropped-Logo-La-Plomberie-du-Canal-couleur-sans-contour.png?fit=2105%2C1964&ssl=1","contentUrl":"https:\/\/i0.wp.com\/laplomberieducanal.com\/wp-content\/uploads\/2023\/04\/cropped-Logo-La-Plomberie-du-Canal-couleur-sans-contour.png?fit=2105%2C1964&ssl=1","width":2105,"height":1964,"caption":"La Plomberie du Canal"},"image":{"@id":"https:\/\/laplomberieducanal.com\/#\/schema\/logo\/image\/"}},{"@type":"Person","@id":"https:\/\/laplomberieducanal.com\/#\/schema\/person\/850ed6c8e8df841f4e34655c984f3247","name":"La plomberie du Canal","image":{"@type":"ImageObject","inLanguage":"fr-FR","@id":"https:\/\/laplomberieducanal.com\/#\/schema\/person\/image\/","url":"https:\/\/secure.gravatar.com\/avatar\/6fe2d33e9e1904b8baa29a638ffe18c6?s=96&d=mm&r=g","contentUrl":"https:\/\/secure.gravatar.com\/avatar\/6fe2d33e9e1904b8baa29a638ffe18c6?s=96&d=mm&r=g","caption":"La plomberie du Canal"},"sameAs":["http:\/\/laplomberieducanal.com","https:\/\/www.facebook.com\/PlomberieduCanal\/","https:\/\/www.instagram.com\/plomberieducanal\/?igshid=ZDdkNTZiNTM","https:\/\/fr.linkedin.com\/in\/plomberieducanal-art-culture35?original_referer=httpswww.ecosia.org","https:\/\/www.youtube.com\/channel\/UCfL0yD1Nxy3m1qIve26IGfA"],"url":"https:\/\/laplomberieducanal.com\/index.php\/author\/commadmin\/"}]}},"jetpack_featured_media_url":"https:\/\/i0.wp.com\/laplomberieducanal.com\/wp-content\/uploads\/2021\/05\/Post-FB.-Article.png?fit=940%2C788&ssl=1","jetpack_sharing_enabled":true,"jetpack_likes_enabled":true,"jetpack_shortlink":"https:\/\/wp.me\/pdRAvF-4a","_links":{"self":[{"href":"https:\/\/laplomberieducanal.com\/index.php\/wp-json\/wp\/v2\/posts\/258"}],"collection":[{"href":"https:\/\/laplomberieducanal.com\/index.php\/wp-json\/wp\/v2\/posts"}],"about":[{"href":"https:\/\/laplomberieducanal.com\/index.php\/wp-json\/wp\/v2\/types\/post"}],"author":[{"embeddable":true,"href":"https:\/\/laplomberieducanal.com\/index.php\/wp-json\/wp\/v2\/users\/1"}],"replies":[{"embeddable":true,"href":"https:\/\/laplomberieducanal.com\/index.php\/wp-json\/wp\/v2\/comments?post=258"}],"version-history":[{"count":2,"href":"https:\/\/laplomberieducanal.com\/index.php\/wp-json\/wp\/v2\/posts\/258\/revisions"}],"predecessor-version":[{"id":380,"href":"https:\/\/laplomberieducanal.com\/index.php\/wp-json\/wp\/v2\/posts\/258\/revisions\/380"}],"wp:featuredmedia":[{"embeddable":true,"href":"https:\/\/laplomberieducanal.com\/index.php\/wp-json\/wp\/v2\/media\/381"}],"wp:attachment":[{"href":"https:\/\/laplomberieducanal.com\/index.php\/wp-json\/wp\/v2\/media?parent=258"}],"wp:term":[{"taxonomy":"category","embeddable":true,"href":"https:\/\/laplomberieducanal.com\/index.php\/wp-json\/wp\/v2\/categories?post=258"},{"taxonomy":"post_tag","embeddable":true,"href":"https:\/\/laplomberieducanal.com\/index.php\/wp-json\/wp\/v2\/tags?post=258"}],"curies":[{"name":"wp","href":"https:\/\/api.w.org\/{rel}","templated":true}]}}