{"id":62,"date":"2021-05-17T16:53:35","date_gmt":"2021-05-17T14:53:35","guid":{"rendered":"https:\/\/laplomberieducanal.com\/?p=62"},"modified":"2021-05-31T14:40:05","modified_gmt":"2021-05-31T12:40:05","slug":"saison-2020-2021","status":"publish","type":"post","link":"https:\/\/laplomberieducanal.com\/index.php\/2021\/05\/17\/saison-2020-2021\/","title":{"rendered":"Saison 2020\/2021"},"content":{"rendered":"\n<h2 class=\"wp-block-heading\">Une saison particuli\u00e8re, v\u00e9cue au rythme de la pand\u00e9mie, mais des artistes et une association qui r\u00e9sistent.<\/h2>\n\n\n\n<p>Nous nous sommes mobilis\u00e9s, lors du premier confinement, gr\u00e2ce au <a href=\"https:\/\/www.education.gouv.fr\/le-dispositif-educatif-et-ludique-2s2c-pour-les-eleves-qu-est-ce-que-c-est-303777\" data-type=\"URL\" data-id=\"https:\/\/www.education.gouv.fr\/le-dispositif-educatif-et-ludique-2s2c-pour-les-eleves-qu-est-ce-que-c-est-303777\" target=\"_blank\" rel=\"noreferrer noopener\">dispositif 2S-2C<\/a>, mis en place par le gouvernement, avec la collaboration de l\u2019<strong>\u00c9cole Notre-Dame Du Vieux Cours<\/strong>.<\/p>\n\n\n\n<p>Nous avons pu maintenir un certain nombre d\u2019ateliers, ce qui nous permet de continuer \u00e0 transmettre notre passion du spectacle vivant \u00e0 tous nos \u00e9l\u00e8ves.<\/p>\n\n\n\n<div class=\"wp-block-buttons is-content-justification-center is-layout-flex wp-block-buttons-is-layout-flex\">\n<div class=\"wp-block-button\"><a class=\"wp-block-button__link has-background\" href=\"https:\/\/laplomberieducanal.com\/index.php\/ateliers-stages\/\" style=\"background-color:#febe32\">Ateliers et Stages<\/a><\/div>\n\n\n\n<div class=\"wp-block-button\"><a class=\"wp-block-button__link has-background\" href=\"https:\/\/laplomberieducanal.com\/index.php\/rendez-vous\/\" style=\"background-color:#febe32\">Nos rendez-vous<\/a><\/div>\n<\/div>\n\n\n\n<h2 class=\"has-text-color wp-block-heading\" style=\"color:#a70048\">Ateliers th\u00e9\u00e2tre<\/h2>\n\n\n\n<p>Pour cette saison particuli\u00e8re, les <strong>vingt-trois ateliers th\u00e9\u00e2tre<\/strong> que nous proposons cette ann\u00e9e sont dispens\u00e9s par Eddy Frogeais, Catherine Riverain et Aude Frogeais, avec l\u2019aide de deux stagiaires No\u00e9mie Clauzet et No\u00e9mie Dolo et nos partenaires socio-\u00e9ducatifs.<\/p>\n\n\n\n<div class=\"wp-block-columns is-layout-flex wp-container-core-columns-is-layout-1 wp-block-columns-is-layout-flex\">\n<div class=\"wp-block-column is-layout-flow wp-block-column-is-layout-flow\">\n<ul><li><a href=\"https:\/\/metropole.rennes.fr\/organisme\/ecole-elementaire-joseph-lotte-4985\" target=\"_blank\" rel=\"noreferrer noopener\">\u00c9cole Joseph Lotte<\/a> (Rennes)<\/li><li><a href=\"https:\/\/metropole.rennes.fr\/organisme\/ecole-elementaire-paul-langevin-5140\" target=\"_blank\" rel=\"noreferrer noopener\">\u00c9cole Paul Langevin<\/a> (Rennes)<\/li><li>Groupe scolaire <a href=\"https:\/\/www.notredameduvieuxcours.org\/\" target=\"_blank\" rel=\"noreferrer noopener\">Notre-Dame du Vieux Cours<\/a> (Rennes)<\/li><li><a href=\"http:\/\/sainte-marie-vitre.org\/\" target=\"_blank\" rel=\"noreferrer noopener\">\u00c9cole Sainte-Marie<\/a> (Vitr\u00e9)<\/li><li>Groupe scolaire <a href=\"https:\/\/www.saintvincent-rennes.org\/\" target=\"_blank\" rel=\"noreferrer noopener\">Saint-Vincent Providence<\/a> (Rennes)<\/li><li><a href=\"https:\/\/www.esup.fr\/ecole-de-commerce-rennes\/\" target=\"_blank\" rel=\"noreferrer noopener\">ESUP<\/a> (\u00c9cole de commerce &#8211; Saint-Jacques-de-la-Lande)<\/li><li><a href=\"https:\/\/theatredelagaterie.com\/lecole\/\" target=\"_blank\" rel=\"noreferrer noopener\">Th\u00e9\u00e2tre de La G\u00e2terie<\/a> (Saint-Gr\u00e9goire)<\/li><li><a href=\"https:\/\/www.jabruz.fr\/\" target=\"_blank\" rel=\"noreferrer noopener\">Association Jeanne d\u2019Arc<\/a> (Bruz)<\/li><\/ul>\n<\/div>\n\n\n\n<div class=\"wp-block-column is-layout-flow wp-block-column-is-layout-flow\">\n<p>Nous ont aussi fait confiance les ann\u00e9es pr\u00e9c\u00e9dentes :<\/p>\n\n\n\n<ul><li><a href=\"https:\/\/www.askoria.eu\/\" data-type=\"URL\" data-id=\"https:\/\/www.askoria.eu\/\">Askoria <\/a><\/li><li><a href=\"http:\/\/www.acm-asso.fr\/\" data-type=\"URL\" data-id=\"http:\/\/www.acm-asso.fr\/\">Art et Culture<\/a> (Melesse) <\/li><li><a href=\"https:\/\/www.sainte-anne-thorigne.fr\/infos-pratiques\/centre-de-loisirs\/\" data-type=\"URL\" data-id=\"https:\/\/www.sainte-anne-thorigne.fr\/infos-pratiques\/centre-de-loisirs\/\">Centre de loisirs<\/a> et <a href=\"https:\/\/www.sainte-anne-thorigne.fr\/\" data-type=\"URL\" data-id=\"https:\/\/www.sainte-anne-thorigne.fr\/\">Ecole Sainte-Anne<\/a> (Thorign\u00e9 Fouillard)<\/li><li>Association <a href=\"https:\/\/esperancechavagne.fr\/\" data-type=\"URL\" data-id=\"https:\/\/esperancechavagne.fr\/\">Esp\u00e9rance<\/a> (Chavagne)<\/li><li><a href=\"https:\/\/stjosephbalaze.toutemonecole.fr\/\" data-type=\"URL\" data-id=\"https:\/\/stjosephbalaze.toutemonecole.fr\/\">Ecole Saint-Joseph<\/a> (Balaz\u00e9)<\/li><li><a href=\"https:\/\/www.lycee-ozanam35.fr\/\" data-type=\"URL\" data-id=\"https:\/\/www.lycee-ozanam35.fr\/\">Lyc\u00e9e professionnel Fr\u00e9d\u00e9ric Ozanam<\/a> (Cesson-S\u00e9vign\u00e9)<\/li><\/ul>\n<\/div>\n<\/div>\n\n\n\n<h3 class=\"has-text-color wp-block-heading\" style=\"color:#a70048\">Actualit\u00e9s des ateliers<\/h3>\n\n\n\n<div class=\"wp-block-columns is-layout-flex wp-container-core-columns-is-layout-2 wp-block-columns-is-layout-flex\">\n<div class=\"wp-block-column is-layout-flow wp-block-column-is-layout-flow\" style=\"flex-basis:33.33%\">\n<h4 class=\"wp-block-heading\">D\u00e9cembre 2020<\/h4>\n<\/div>\n\n\n\n<div class=\"wp-block-column is-layout-flow wp-block-column-is-layout-flow\" style=\"flex-basis:66.66%\">\n<p>Travail sur \u00ab&nbsp;<strong>Sayn\u00e8tes courtes<\/strong>&nbsp;\u00bb de <strong>Guillaume Moraine<\/strong> avec des CE2 de l\u2019\u00c9cole Sainte-Marie.<\/p>\n<\/div>\n<\/div>\n\n\n\n<div class=\"wp-block-columns is-layout-flex wp-container-core-columns-is-layout-3 wp-block-columns-is-layout-flex\">\n<div class=\"wp-block-column is-layout-flow wp-block-column-is-layout-flow\" style=\"flex-basis:33.33%\">\n<h4 class=\"wp-block-heading\">F\u00e9vrier 2021<\/h4>\n<\/div>\n\n\n\n<div class=\"wp-block-column is-layout-flow wp-block-column-is-layout-flow\" style=\"flex-basis:66.66%\">\n<p>Travail autour des \u00ab&nbsp;<strong>Trois fils de Yasser<\/strong>&nbsp;\u00bb de <strong>Paul Madec<\/strong> avec les 6\u00b0 SEGPA du Coll\u00e8ge Saint-Vincent.<\/p>\n<\/div>\n<\/div>\n\n\n\n<div class=\"wp-block-columns is-layout-flex wp-container-core-columns-is-layout-4 wp-block-columns-is-layout-flex\">\n<div class=\"wp-block-column is-layout-flow wp-block-column-is-layout-flow\" style=\"flex-basis:33.33%\">\n<h4 class=\"wp-block-heading\">Mars 2021<\/h4>\n<\/div>\n\n\n\n<div class=\"wp-block-column is-layout-flow wp-block-column-is-layout-flow\" style=\"flex-basis:66.66%\">\n<p>Travail autour de \u00ab&nbsp;<strong>Cendrillon<\/strong>&nbsp;\u00bb de <strong>Jo\u00ebl Pommerat<\/strong> avec les \u00e9l\u00e8ves de Secondes (Classe Humanit\u00e9) du Lyc\u00e9e Saint-Vincent.<\/p>\n\n\n\n<ul><li>Travail autour du \u00ab&nbsp;<strong>M\u00e9decin malgr\u00e9 lui<\/strong>&nbsp;\u00bb de <strong>Moli\u00e8re <\/strong>avec la classe 6\u00b0 \u00ab&nbsp;Pr\u00e9coces&nbsp;\u00bb du coll\u00e8ge Saint-Vincent.<\/li><li>Travail autour de \u00ab&nbsp;La Porte du temps&nbsp;\u00bb de Jo\u00ebl Contival avec des CE1 et CE2.<br>\u00ab&nbsp;<strong>Super-H\u00e9ros<\/strong>&nbsp;\u00bb d\u2019<strong>\u00c9ric Beauvilain<\/strong> avec des CM1 et CM2 de l&rsquo;\u00c9cole Paul Langevin<\/li><li>Travail autour de \u00ab <strong>Si la Pub m\u2019\u00e9tait cont\u00e9e<\/strong>&nbsp;\u00bb avec les CE1 et CE2 <br>\u00ab Peau de vache\/contes r\u00e9invent\u00e9s&nbsp;\u00bb avec les CM1 et CM2 de l\u2019\u00c9cole Joseph Lotte.<\/li><\/ul>\n<\/div>\n<\/div>\n\n\n\n<h2 class=\"has-text-color wp-block-heading\" style=\"color:#a70048\">Stages pluridisciplinaires 2021<\/h2>\n\n\n\n<div class=\"wp-block-columns is-layout-flex wp-container-core-columns-is-layout-5 wp-block-columns-is-layout-flex\">\n<div class=\"wp-block-column is-layout-flow wp-block-column-is-layout-flow\">\n<p>Deux intervenants compl\u00e9mentaires, <strong>Eddy Frogeais<\/strong> et <strong>Aude Frogeais<\/strong>, allient l\u2019exp\u00e9rience du th\u00e9\u00e2tre et de l\u2019encadrement d\u2019ateliers avec une approche plus adapt\u00e9e aux enfants quelque peu handicap\u00e9s. <\/p>\n\n\n\n<p><strong>P\u00e9dagogie<\/strong>, <strong>\u00e9coute <\/strong>et <strong>dialogue <\/strong>dans un environnement ludique. <br>Petit groupe de 8 enfants maximum.<\/p>\n\n\n\n<p>Souvent les ateliers et les stages ne prennent pas en compte les particularit\u00e9s d\u2019<strong>enfants atypiques : pr\u00e9coces-HPI, hyperactifs, autistes Asperger, \u00ab&nbsp;Dys&nbsp;\u00bb<\/strong>. <\/p>\n\n\n\n<p>L\u2019id\u00e9e est de prendre le temps sur un dur\u00e9e adapt\u00e9e avec des temps de pause.<\/p>\n<\/div>\n\n\n\n<div class=\"wp-block-column is-layout-flow wp-block-column-is-layout-flow\">\n<figure class=\"wp-block-image size-full\"><img data-recalc-dims=\"1\" loading=\"lazy\" decoding=\"async\" width=\"1080\" height=\"1080\" data-attachment-id=\"508\" data-permalink=\"https:\/\/laplomberieducanal.com\/index.php\/2021\/05\/17\/saison-2020-2021\/exemple-post-annonces\/\" data-orig-file=\"https:\/\/i0.wp.com\/laplomberieducanal.com\/wp-content\/uploads\/2021\/05\/Exemple-post-Annonces.jpg?fit=1080%2C1080&amp;ssl=1\" data-orig-size=\"1080,1080\" data-comments-opened=\"1\" data-image-meta=\"{&quot;aperture&quot;:&quot;0&quot;,&quot;credit&quot;:&quot;&quot;,&quot;camera&quot;:&quot;&quot;,&quot;caption&quot;:&quot;&quot;,&quot;created_timestamp&quot;:&quot;0&quot;,&quot;copyright&quot;:&quot;&quot;,&quot;focal_length&quot;:&quot;0&quot;,&quot;iso&quot;:&quot;0&quot;,&quot;shutter_speed&quot;:&quot;0&quot;,&quot;title&quot;:&quot;&quot;,&quot;orientation&quot;:&quot;1&quot;}\" data-image-title=\"Stage 2021 : Th\u00e9\u00e2tre Atypique\" data-image-description=\"&lt;p&gt;Stage 2021 : Th\u00e9\u00e2tre Atypique&lt;\/p&gt;\n\" data-image-caption=\"&lt;p&gt;Stage 2021 : Th\u00e9\u00e2tre Atypique&lt;\/p&gt;\n\" data-medium-file=\"https:\/\/i0.wp.com\/laplomberieducanal.com\/wp-content\/uploads\/2021\/05\/Exemple-post-Annonces.jpg?fit=300%2C300&amp;ssl=1\" data-large-file=\"https:\/\/i0.wp.com\/laplomberieducanal.com\/wp-content\/uploads\/2021\/05\/Exemple-post-Annonces.jpg?fit=1024%2C1024&amp;ssl=1\" tabindex=\"0\" role=\"button\" src=\"https:\/\/i0.wp.com\/laplomberieducanal.com\/wp-content\/uploads\/2021\/05\/Exemple-post-Annonces.jpg?resize=1080%2C1080&#038;ssl=1\" alt=\"\" class=\"wp-image-508\" srcset=\"https:\/\/i0.wp.com\/laplomberieducanal.com\/wp-content\/uploads\/2021\/05\/Exemple-post-Annonces.jpg?w=1080&amp;ssl=1 1080w, https:\/\/i0.wp.com\/laplomberieducanal.com\/wp-content\/uploads\/2021\/05\/Exemple-post-Annonces.jpg?resize=300%2C300&amp;ssl=1 300w, https:\/\/i0.wp.com\/laplomberieducanal.com\/wp-content\/uploads\/2021\/05\/Exemple-post-Annonces.jpg?resize=1024%2C1024&amp;ssl=1 1024w, https:\/\/i0.wp.com\/laplomberieducanal.com\/wp-content\/uploads\/2021\/05\/Exemple-post-Annonces.jpg?resize=150%2C150&amp;ssl=1 150w, https:\/\/i0.wp.com\/laplomberieducanal.com\/wp-content\/uploads\/2021\/05\/Exemple-post-Annonces.jpg?resize=768%2C768&amp;ssl=1 768w\" sizes=\"(max-width: 1080px) 100vw, 1080px\" \/><figcaption>Stage d&rsquo;\u00e9t\u00e9 2021 : du 05 au 07 juillet puis du 23 au 27 ao\u00fbt 2021<\/figcaption><\/figure>\n<\/div>\n<\/div>\n\n\n\n<div class=\"wp-block-buttons is-content-justification-center is-layout-flex wp-block-buttons-is-layout-flex\">\n<div class=\"wp-block-button is-style-outline\"><a class=\"wp-block-button__link has-text-color\" href=\"https:\/\/laplomberieducanal.com\/index.php\/contact\/\" style=\"color:#febe32\">Contactons-nous<\/a><\/div>\n<\/div>\n","protected":false},"excerpt":{"rendered":"<p>Une saison particuli\u00e8re, v\u00e9cue au rythme de la pand\u00e9mie, mais des artistes et une association qui r\u00e9sistent.<\/p>\n","protected":false},"author":1,"featured_media":535,"comment_status":"open","ping_status":"open","sticky":false,"template":"","format":"standard","meta":{"_jetpack_memberships_contains_paid_content":false,"footnotes":"","jetpack_publicize_message":"","jetpack_publicize_feature_enabled":true,"jetpack_social_post_already_shared":false,"jetpack_social_options":{"image_generator_settings":{"template":"highway","enabled":false},"version":2}},"categories":[1],"tags":[],"jetpack_publicize_connections":[],"yoast_head":"<!-- This site is optimized with the Yoast SEO plugin v23.0 - https:\/\/yoast.com\/wordpress\/plugins\/seo\/ -->\n<title>Saison 2020\/2021 - La Plomberie du Canal<\/title>\n<meta name=\"robots\" content=\"index, follow, max-snippet:-1, max-image-preview:large, max-video-preview:-1\" \/>\n<link rel=\"canonical\" href=\"https:\/\/laplomberieducanal.com\/index.php\/2021\/05\/17\/saison-2020-2021\/\" \/>\n<meta property=\"og:locale\" content=\"fr_FR\" \/>\n<meta property=\"og:type\" content=\"article\" \/>\n<meta property=\"og:title\" content=\"Saison 2020\/2021 - La Plomberie du Canal\" \/>\n<meta property=\"og:description\" content=\"Une saison particuli\u00e8re, v\u00e9cue au rythme de la pand\u00e9mie, mais des artistes et une association qui r\u00e9sistent.\" \/>\n<meta property=\"og:url\" content=\"https:\/\/laplomberieducanal.com\/index.php\/2021\/05\/17\/saison-2020-2021\/\" \/>\n<meta property=\"og:site_name\" content=\"La Plomberie du Canal\" \/>\n<meta property=\"article:author\" content=\"https:\/\/www.facebook.com\/PlomberieduCanal\/\" \/>\n<meta property=\"article:published_time\" content=\"2021-05-17T14:53:35+00:00\" \/>\n<meta property=\"article:modified_time\" content=\"2021-05-31T12:40:05+00:00\" \/>\n<meta property=\"og:image\" content=\"https:\/\/laplomberieducanal.com\/wp-content\/uploads\/2021\/05\/Saison-20202021.jpg\" \/>\n\t<meta property=\"og:image:width\" content=\"1080\" \/>\n\t<meta property=\"og:image:height\" content=\"1080\" \/>\n\t<meta property=\"og:image:type\" content=\"image\/jpeg\" \/>\n<meta name=\"author\" content=\"La plomberie du Canal\" \/>\n<meta name=\"twitter:card\" content=\"summary_large_image\" \/>\n<meta name=\"twitter:label1\" content=\"\u00c9crit par\" \/>\n\t<meta name=\"twitter:data1\" content=\"La plomberie du Canal\" \/>\n\t<meta name=\"twitter:label2\" content=\"Dur\u00e9e de lecture estim\u00e9e\" \/>\n\t<meta name=\"twitter:data2\" content=\"2 minutes\" \/>\n<script type=\"application\/ld+json\" class=\"yoast-schema-graph\">{\"@context\":\"https:\/\/schema.org\",\"@graph\":[{\"@type\":\"Article\",\"@id\":\"https:\/\/laplomberieducanal.com\/index.php\/2021\/05\/17\/saison-2020-2021\/#article\",\"isPartOf\":{\"@id\":\"https:\/\/laplomberieducanal.com\/index.php\/2021\/05\/17\/saison-2020-2021\/\"},\"author\":{\"name\":\"La plomberie du Canal\",\"@id\":\"https:\/\/laplomberieducanal.com\/#\/schema\/person\/850ed6c8e8df841f4e34655c984f3247\"},\"headline\":\"Saison 2020\/2021\",\"datePublished\":\"2021-05-17T14:53:35+00:00\",\"dateModified\":\"2021-05-31T12:40:05+00:00\",\"mainEntityOfPage\":{\"@id\":\"https:\/\/laplomberieducanal.com\/index.php\/2021\/05\/17\/saison-2020-2021\/\"},\"wordCount\":478,\"commentCount\":0,\"publisher\":{\"@id\":\"https:\/\/laplomberieducanal.com\/#organization\"},\"image\":{\"@id\":\"https:\/\/laplomberieducanal.com\/index.php\/2021\/05\/17\/saison-2020-2021\/#primaryimage\"},\"thumbnailUrl\":\"https:\/\/i0.wp.com\/laplomberieducanal.com\/wp-content\/uploads\/2021\/05\/Saison-20202021.jpg?fit=1080%2C1080&ssl=1\",\"inLanguage\":\"fr-FR\",\"potentialAction\":[{\"@type\":\"CommentAction\",\"name\":\"Comment\",\"target\":[\"https:\/\/laplomberieducanal.com\/index.php\/2021\/05\/17\/saison-2020-2021\/#respond\"]}]},{\"@type\":\"WebPage\",\"@id\":\"https:\/\/laplomberieducanal.com\/index.php\/2021\/05\/17\/saison-2020-2021\/\",\"url\":\"https:\/\/laplomberieducanal.com\/index.php\/2021\/05\/17\/saison-2020-2021\/\",\"name\":\"Saison 2020\/2021 - La Plomberie du Canal\",\"isPartOf\":{\"@id\":\"https:\/\/laplomberieducanal.com\/#website\"},\"primaryImageOfPage\":{\"@id\":\"https:\/\/laplomberieducanal.com\/index.php\/2021\/05\/17\/saison-2020-2021\/#primaryimage\"},\"image\":{\"@id\":\"https:\/\/laplomberieducanal.com\/index.php\/2021\/05\/17\/saison-2020-2021\/#primaryimage\"},\"thumbnailUrl\":\"https:\/\/i0.wp.com\/laplomberieducanal.com\/wp-content\/uploads\/2021\/05\/Saison-20202021.jpg?fit=1080%2C1080&ssl=1\",\"datePublished\":\"2021-05-17T14:53:35+00:00\",\"dateModified\":\"2021-05-31T12:40:05+00:00\",\"breadcrumb\":{\"@id\":\"https:\/\/laplomberieducanal.com\/index.php\/2021\/05\/17\/saison-2020-2021\/#breadcrumb\"},\"inLanguage\":\"fr-FR\",\"potentialAction\":[{\"@type\":\"ReadAction\",\"target\":[\"https:\/\/laplomberieducanal.com\/index.php\/2021\/05\/17\/saison-2020-2021\/\"]}]},{\"@type\":\"ImageObject\",\"inLanguage\":\"fr-FR\",\"@id\":\"https:\/\/laplomberieducanal.com\/index.php\/2021\/05\/17\/saison-2020-2021\/#primaryimage\",\"url\":\"https:\/\/i0.wp.com\/laplomberieducanal.com\/wp-content\/uploads\/2021\/05\/Saison-20202021.jpg?fit=1080%2C1080&ssl=1\",\"contentUrl\":\"https:\/\/i0.wp.com\/laplomberieducanal.com\/wp-content\/uploads\/2021\/05\/Saison-20202021.jpg?fit=1080%2C1080&ssl=1\",\"width\":1080,\"height\":1080,\"caption\":\"Saison 2020\/2021\"},{\"@type\":\"BreadcrumbList\",\"@id\":\"https:\/\/laplomberieducanal.com\/index.php\/2021\/05\/17\/saison-2020-2021\/#breadcrumb\",\"itemListElement\":[{\"@type\":\"ListItem\",\"position\":1,\"name\":\"Accueil\",\"item\":\"https:\/\/laplomberieducanal.com\/\"},{\"@type\":\"ListItem\",\"position\":2,\"name\":\"Saison 2020\/2021\"}]},{\"@type\":\"WebSite\",\"@id\":\"https:\/\/laplomberieducanal.com\/#website\",\"url\":\"https:\/\/laplomberieducanal.com\/\",\"name\":\"La Plomberie du Canal\",\"description\":\"Association artistique et culturelle\",\"publisher\":{\"@id\":\"https:\/\/laplomberieducanal.com\/#organization\"},\"potentialAction\":[{\"@type\":\"SearchAction\",\"target\":{\"@type\":\"EntryPoint\",\"urlTemplate\":\"https:\/\/laplomberieducanal.com\/?s={search_term_string}\"},\"query-input\":\"required name=search_term_string\"}],\"inLanguage\":\"fr-FR\"},{\"@type\":\"Organization\",\"@id\":\"https:\/\/laplomberieducanal.com\/#organization\",\"name\":\"La Plomberie du Canal\",\"url\":\"https:\/\/laplomberieducanal.com\/\",\"logo\":{\"@type\":\"ImageObject\",\"inLanguage\":\"fr-FR\",\"@id\":\"https:\/\/laplomberieducanal.com\/#\/schema\/logo\/image\/\",\"url\":\"https:\/\/i0.wp.com\/laplomberieducanal.com\/wp-content\/uploads\/2023\/04\/cropped-Logo-La-Plomberie-du-Canal-couleur-sans-contour.png?fit=2105%2C1964&ssl=1\",\"contentUrl\":\"https:\/\/i0.wp.com\/laplomberieducanal.com\/wp-content\/uploads\/2023\/04\/cropped-Logo-La-Plomberie-du-Canal-couleur-sans-contour.png?fit=2105%2C1964&ssl=1\",\"width\":2105,\"height\":1964,\"caption\":\"La Plomberie du Canal\"},\"image\":{\"@id\":\"https:\/\/laplomberieducanal.com\/#\/schema\/logo\/image\/\"}},{\"@type\":\"Person\",\"@id\":\"https:\/\/laplomberieducanal.com\/#\/schema\/person\/850ed6c8e8df841f4e34655c984f3247\",\"name\":\"La plomberie du Canal\",\"image\":{\"@type\":\"ImageObject\",\"inLanguage\":\"fr-FR\",\"@id\":\"https:\/\/laplomberieducanal.com\/#\/schema\/person\/image\/\",\"url\":\"https:\/\/secure.gravatar.com\/avatar\/6fe2d33e9e1904b8baa29a638ffe18c6?s=96&d=mm&r=g\",\"contentUrl\":\"https:\/\/secure.gravatar.com\/avatar\/6fe2d33e9e1904b8baa29a638ffe18c6?s=96&d=mm&r=g\",\"caption\":\"La plomberie du Canal\"},\"sameAs\":[\"http:\/\/laplomberieducanal.com\",\"https:\/\/www.facebook.com\/PlomberieduCanal\/\",\"https:\/\/www.instagram.com\/plomberieducanal\/?igshid=ZDdkNTZiNTM\",\"https:\/\/fr.linkedin.com\/in\/plomberieducanal-art-culture35?original_referer=httpswww.ecosia.org\",\"https:\/\/www.youtube.com\/channel\/UCfL0yD1Nxy3m1qIve26IGfA\"],\"url\":\"https:\/\/laplomberieducanal.com\/index.php\/author\/commadmin\/\"}]}<\/script>\n<!-- \/ Yoast SEO plugin. -->","yoast_head_json":{"title":"Saison 2020\/2021 - La Plomberie du Canal","robots":{"index":"index","follow":"follow","max-snippet":"max-snippet:-1","max-image-preview":"max-image-preview:large","max-video-preview":"max-video-preview:-1"},"canonical":"https:\/\/laplomberieducanal.com\/index.php\/2021\/05\/17\/saison-2020-2021\/","og_locale":"fr_FR","og_type":"article","og_title":"Saison 2020\/2021 - La Plomberie du Canal","og_description":"Une saison particuli\u00e8re, v\u00e9cue au rythme de la pand\u00e9mie, mais des artistes et une association qui r\u00e9sistent.","og_url":"https:\/\/laplomberieducanal.com\/index.php\/2021\/05\/17\/saison-2020-2021\/","og_site_name":"La Plomberie du Canal","article_author":"https:\/\/www.facebook.com\/PlomberieduCanal\/","article_published_time":"2021-05-17T14:53:35+00:00","article_modified_time":"2021-05-31T12:40:05+00:00","og_image":[{"width":1080,"height":1080,"url":"https:\/\/laplomberieducanal.com\/wp-content\/uploads\/2021\/05\/Saison-20202021.jpg","type":"image\/jpeg"}],"author":"La plomberie du Canal","twitter_card":"summary_large_image","twitter_misc":{"\u00c9crit par":"La plomberie du Canal","Dur\u00e9e de lecture estim\u00e9e":"2 minutes"},"schema":{"@context":"https:\/\/schema.org","@graph":[{"@type":"Article","@id":"https:\/\/laplomberieducanal.com\/index.php\/2021\/05\/17\/saison-2020-2021\/#article","isPartOf":{"@id":"https:\/\/laplomberieducanal.com\/index.php\/2021\/05\/17\/saison-2020-2021\/"},"author":{"name":"La plomberie du Canal","@id":"https:\/\/laplomberieducanal.com\/#\/schema\/person\/850ed6c8e8df841f4e34655c984f3247"},"headline":"Saison 2020\/2021","datePublished":"2021-05-17T14:53:35+00:00","dateModified":"2021-05-31T12:40:05+00:00","mainEntityOfPage":{"@id":"https:\/\/laplomberieducanal.com\/index.php\/2021\/05\/17\/saison-2020-2021\/"},"wordCount":478,"commentCount":0,"publisher":{"@id":"https:\/\/laplomberieducanal.com\/#organization"},"image":{"@id":"https:\/\/laplomberieducanal.com\/index.php\/2021\/05\/17\/saison-2020-2021\/#primaryimage"},"thumbnailUrl":"https:\/\/i0.wp.com\/laplomberieducanal.com\/wp-content\/uploads\/2021\/05\/Saison-20202021.jpg?fit=1080%2C1080&ssl=1","inLanguage":"fr-FR","potentialAction":[{"@type":"CommentAction","name":"Comment","target":["https:\/\/laplomberieducanal.com\/index.php\/2021\/05\/17\/saison-2020-2021\/#respond"]}]},{"@type":"WebPage","@id":"https:\/\/laplomberieducanal.com\/index.php\/2021\/05\/17\/saison-2020-2021\/","url":"https:\/\/laplomberieducanal.com\/index.php\/2021\/05\/17\/saison-2020-2021\/","name":"Saison 2020\/2021 - La Plomberie du Canal","isPartOf":{"@id":"https:\/\/laplomberieducanal.com\/#website"},"primaryImageOfPage":{"@id":"https:\/\/laplomberieducanal.com\/index.php\/2021\/05\/17\/saison-2020-2021\/#primaryimage"},"image":{"@id":"https:\/\/laplomberieducanal.com\/index.php\/2021\/05\/17\/saison-2020-2021\/#primaryimage"},"thumbnailUrl":"https:\/\/i0.wp.com\/laplomberieducanal.com\/wp-content\/uploads\/2021\/05\/Saison-20202021.jpg?fit=1080%2C1080&ssl=1","datePublished":"2021-05-17T14:53:35+00:00","dateModified":"2021-05-31T12:40:05+00:00","breadcrumb":{"@id":"https:\/\/laplomberieducanal.com\/index.php\/2021\/05\/17\/saison-2020-2021\/#breadcrumb"},"inLanguage":"fr-FR","potentialAction":[{"@type":"ReadAction","target":["https:\/\/laplomberieducanal.com\/index.php\/2021\/05\/17\/saison-2020-2021\/"]}]},{"@type":"ImageObject","inLanguage":"fr-FR","@id":"https:\/\/laplomberieducanal.com\/index.php\/2021\/05\/17\/saison-2020-2021\/#primaryimage","url":"https:\/\/i0.wp.com\/laplomberieducanal.com\/wp-content\/uploads\/2021\/05\/Saison-20202021.jpg?fit=1080%2C1080&ssl=1","contentUrl":"https:\/\/i0.wp.com\/laplomberieducanal.com\/wp-content\/uploads\/2021\/05\/Saison-20202021.jpg?fit=1080%2C1080&ssl=1","width":1080,"height":1080,"caption":"Saison 2020\/2021"},{"@type":"BreadcrumbList","@id":"https:\/\/laplomberieducanal.com\/index.php\/2021\/05\/17\/saison-2020-2021\/#breadcrumb","itemListElement":[{"@type":"ListItem","position":1,"name":"Accueil","item":"https:\/\/laplomberieducanal.com\/"},{"@type":"ListItem","position":2,"name":"Saison 2020\/2021"}]},{"@type":"WebSite","@id":"https:\/\/laplomberieducanal.com\/#website","url":"https:\/\/laplomberieducanal.com\/","name":"La Plomberie du Canal","description":"Association artistique et culturelle","publisher":{"@id":"https:\/\/laplomberieducanal.com\/#organization"},"potentialAction":[{"@type":"SearchAction","target":{"@type":"EntryPoint","urlTemplate":"https:\/\/laplomberieducanal.com\/?s={search_term_string}"},"query-input":"required name=search_term_string"}],"inLanguage":"fr-FR"},{"@type":"Organization","@id":"https:\/\/laplomberieducanal.com\/#organization","name":"La Plomberie du Canal","url":"https:\/\/laplomberieducanal.com\/","logo":{"@type":"ImageObject","inLanguage":"fr-FR","@id":"https:\/\/laplomberieducanal.com\/#\/schema\/logo\/image\/","url":"https:\/\/i0.wp.com\/laplomberieducanal.com\/wp-content\/uploads\/2023\/04\/cropped-Logo-La-Plomberie-du-Canal-couleur-sans-contour.png?fit=2105%2C1964&ssl=1","contentUrl":"https:\/\/i0.wp.com\/laplomberieducanal.com\/wp-content\/uploads\/2023\/04\/cropped-Logo-La-Plomberie-du-Canal-couleur-sans-contour.png?fit=2105%2C1964&ssl=1","width":2105,"height":1964,"caption":"La Plomberie du Canal"},"image":{"@id":"https:\/\/laplomberieducanal.com\/#\/schema\/logo\/image\/"}},{"@type":"Person","@id":"https:\/\/laplomberieducanal.com\/#\/schema\/person\/850ed6c8e8df841f4e34655c984f3247","name":"La plomberie du Canal","image":{"@type":"ImageObject","inLanguage":"fr-FR","@id":"https:\/\/laplomberieducanal.com\/#\/schema\/person\/image\/","url":"https:\/\/secure.gravatar.com\/avatar\/6fe2d33e9e1904b8baa29a638ffe18c6?s=96&d=mm&r=g","contentUrl":"https:\/\/secure.gravatar.com\/avatar\/6fe2d33e9e1904b8baa29a638ffe18c6?s=96&d=mm&r=g","caption":"La plomberie du Canal"},"sameAs":["http:\/\/laplomberieducanal.com","https:\/\/www.facebook.com\/PlomberieduCanal\/","https:\/\/www.instagram.com\/plomberieducanal\/?igshid=ZDdkNTZiNTM","https:\/\/fr.linkedin.com\/in\/plomberieducanal-art-culture35?original_referer=httpswww.ecosia.org","https:\/\/www.youtube.com\/channel\/UCfL0yD1Nxy3m1qIve26IGfA"],"url":"https:\/\/laplomberieducanal.com\/index.php\/author\/commadmin\/"}]}},"jetpack_featured_media_url":"https:\/\/i0.wp.com\/laplomberieducanal.com\/wp-content\/uploads\/2021\/05\/Saison-20202021.jpg?fit=1080%2C1080&ssl=1","jetpack_sharing_enabled":true,"jetpack_likes_enabled":true,"jetpack_shortlink":"https:\/\/wp.me\/pdRAvF-10","_links":{"self":[{"href":"https:\/\/laplomberieducanal.com\/index.php\/wp-json\/wp\/v2\/posts\/62"}],"collection":[{"href":"https:\/\/laplomberieducanal.com\/index.php\/wp-json\/wp\/v2\/posts"}],"about":[{"href":"https:\/\/laplomberieducanal.com\/index.php\/wp-json\/wp\/v2\/types\/post"}],"author":[{"embeddable":true,"href":"https:\/\/laplomberieducanal.com\/index.php\/wp-json\/wp\/v2\/users\/1"}],"replies":[{"embeddable":true,"href":"https:\/\/laplomberieducanal.com\/index.php\/wp-json\/wp\/v2\/comments?post=62"}],"version-history":[{"count":13,"href":"https:\/\/laplomberieducanal.com\/index.php\/wp-json\/wp\/v2\/posts\/62\/revisions"}],"predecessor-version":[{"id":533,"href":"https:\/\/laplomberieducanal.com\/index.php\/wp-json\/wp\/v2\/posts\/62\/revisions\/533"}],"wp:featuredmedia":[{"embeddable":true,"href":"https:\/\/laplomberieducanal.com\/index.php\/wp-json\/wp\/v2\/media\/535"}],"wp:attachment":[{"href":"https:\/\/laplomberieducanal.com\/index.php\/wp-json\/wp\/v2\/media?parent=62"}],"wp:term":[{"taxonomy":"category","embeddable":true,"href":"https:\/\/laplomberieducanal.com\/index.php\/wp-json\/wp\/v2\/categories?post=62"},{"taxonomy":"post_tag","embeddable":true,"href":"https:\/\/laplomberieducanal.com\/index.php\/wp-json\/wp\/v2\/tags?post=62"}],"curies":[{"name":"wp","href":"https:\/\/api.w.org\/{rel}","templated":true}]}}