{"id":710,"date":"2018-10-18T11:35:00","date_gmt":"2018-10-18T09:35:00","guid":{"rendered":"https:\/\/laplomberieducanal.com\/?p=710"},"modified":"2021-06-09T10:26:16","modified_gmt":"2021-06-09T08:26:16","slug":"portes-ouvertes-2018","status":"publish","type":"post","link":"https:\/\/laplomberieducanal.com\/index.php\/2018\/10\/18\/portes-ouvertes-2018\/","title":{"rendered":"Portes Ouvertes 2018"},"content":{"rendered":"\n<h2 class=\"wp-block-heading\">\u00c0 l\u2019occasion du Temps Fort des Prairies Saint-Martin, l&rsquo;association a organis\u00e9 ses portes ouvertes.<\/h2>\n\n\n\n<p>Les samedi 22 et dimanche 23 septembre 2018, Ap\u00e9roG (L\u2019AG en ap\u00e9ro), visite du lieu avec pr\u00e9sentation de l\u2019association, d\u00e9couverte du Th\u00e9\u00e2tre de Verdure (en cours d\u2019\u00e9laboration), animations (concert, th\u00e9\u00e2tre \u2026), rencontre avec les b\u00e9n\u00e9voles, les artistes-adh\u00e9rents, les membres fondateurs\u2026<\/p>\n\n\n\n<h2 class=\"has-text-color wp-block-heading\" style=\"color:#a70048\">Programme<\/h2>\n\n\n\n<h3 class=\"wp-block-heading\">Samedi<\/h3>\n\n\n\n<ul><li><strong>12h30-14h <\/strong>: Assembl\u00e9e G\u00e9n\u00e9rale en ap\u00e9ro dinatoire<\/li><li><strong>14h-14h15<\/strong> : Chansons interpr\u00e9t\u00e9es par Eddy Frogeais : hommage \u00e0 Yves Montand<\/li><li><strong>14h30-14h50<\/strong> : Lecture de \u00ab L\u2019enfant de la Haute Mer\u00bb de J. Superviel par Catherine Riverain<\/li><li><strong>15h-15h30<\/strong> : D\u00e9couverte\/initiation au th\u00e9\u00e2tre d\u2019impro<\/li><li><strong>16h-16h20<\/strong> : Lecture du roman de Xavier Quintin \u00ab Le Bal des ardents \u00bb par Sylvie Simon.<\/li><li><strong>16h30-17h<\/strong> : D\u00e9couverte\/initiation au th\u00e9\u00e2tre d\u2019impro<\/li><li><strong>17h15-18h<\/strong> : Mike\u2019s Magic Trip, Concert Pop Folk Musique du Monde.<\/li><\/ul>\n\n\n\n<h3 class=\"wp-block-heading\">Dimanche<\/h3>\n\n\n\n<ul><li><strong>10h-11h00<\/strong> : R\u00e9p\u00e9tition \u00ab Le dr\u00f4le drame de ma vie \u00bb<\/li><li><strong>14h-14h45<\/strong> : Imraman concert Musique du monde-tribal-progressif (Alicia Ducoustel et Gurvan L\u2019helgoualc\u2019h)<\/li><li><strong>14h45-15h00<\/strong> : Lecture de \u00ab Le livre \u00e9puis\u00e9 \u00bb de Fr\u00e9d\u00e9ric Cl\u00e9ment par Catherine Riverain<\/li><li><strong>15h-16h<\/strong> : Th\u00e9\u00e2tre \u00ab Le dr\u00f4le drame de ma vie \u00bb cr\u00e9ation atelier de la Tour d\u2019Auvergne. M.e.s. Giovanna Grosso.<\/li><\/ul>\n\n\n\n<h2 class=\"has-text-color wp-block-heading\" style=\"color:#a70048\">Les Portes Ouvertes en images<\/h2>\n\n\n\n\t\t<!-- MasterSlider -->\n\t\t<div id=\"P_MS69f5ba2c6cf90\" class=\"master-slider-parent msl ms-parent-id-12\" style=\"max-width:800px;\">\n\n\t\t\t\n\t\t\t<!-- MasterSlider Main -->\n\t\t\t<div id=\"MS69f5ba2c6cf90\" class=\"master-slider ms-skin-default\" >\n\t\t\t\t \t\t\t\t \n\t\t\t\t<div  class=\"ms-slide\" data-delay=\"3\" data-fill-mode=\"fit\"  >\n\t\t\t\t\t<img data-recalc-dims=\"1\" decoding=\"async\" src=\"https:\/\/i0.wp.com\/laplomberieducanal.com\/wp-content\/plugins\/master-slider\/public\/assets\/css\/blank.gif?w=3840&#038;ssl=1\" alt=\"Portes ouvertes 2018\" title=\"\" data-src=\"https:\/\/laplomberieducanal.com\/wp-content\/uploads\/2021\/06\/Photo-groupe-scaled.jpg\" \/>\n\n\n\t<img data-recalc-dims=\"1\" height=\"80\" width=\"140\" decoding=\"async\" class=\"ms-thumb\" src=\"https:\/\/i0.wp.com\/laplomberieducanal.com\/wp-content\/uploads\/2021\/06\/Photo-groupe-scaled.jpg?resize=140%2C80&#038;ssl=1\" alt=\"Portes ouvertes 2018\" \/>\n\t<div class=\"ms-thumb\" ><div class=\"ms-tab-context\"><div class=\"&quot;ms-tab-context&quot;\"><\/div><\/div>\n<\/div>\n\t\t\t\t<\/div>\n\t\t\t\t<div  class=\"ms-slide\" data-delay=\"3\" data-fill-mode=\"fit\"  >\n\t\t\t\t\t<img data-recalc-dims=\"1\" decoding=\"async\" src=\"https:\/\/i0.wp.com\/laplomberieducanal.com\/wp-content\/plugins\/master-slider\/public\/assets\/css\/blank.gif?w=3840&#038;ssl=1\" alt=\"Portes ouvertes 2018\" title=\"\" data-src=\"https:\/\/laplomberieducanal.com\/wp-content\/uploads\/2021\/06\/Portes-Ouvertes-2018-scaled.jpg\" \/>\n\n\n\t<img data-recalc-dims=\"1\" height=\"80\" width=\"140\" decoding=\"async\" class=\"ms-thumb\" src=\"https:\/\/i0.wp.com\/laplomberieducanal.com\/wp-content\/uploads\/2021\/06\/Portes-Ouvertes-2018-scaled.jpg?resize=140%2C80&#038;ssl=1\" alt=\"Portes ouvertes 2018\" \/>\n\t<div class=\"ms-thumb\" ><div class=\"ms-tab-context\"><div class=\"&quot;ms-tab-context&quot;\"><\/div><\/div>\n<\/div>\n\t\t\t\t<\/div>\n\t\t\t\t<div  class=\"ms-slide\" data-delay=\"3\" data-fill-mode=\"fit\"  >\n\t\t\t\t\t<img data-recalc-dims=\"1\" decoding=\"async\" src=\"https:\/\/i0.wp.com\/laplomberieducanal.com\/wp-content\/plugins\/master-slider\/public\/assets\/css\/blank.gif?w=3840&#038;ssl=1\" alt=\"Portes ouvertes 2018\" title=\"\" data-src=\"https:\/\/laplomberieducanal.com\/wp-content\/uploads\/2021\/06\/PortesouvertesLaPlomberie-0251-scaled.jpg\" \/>\n\n\n\t<img data-recalc-dims=\"1\" height=\"80\" width=\"140\" decoding=\"async\" class=\"ms-thumb\" src=\"https:\/\/i0.wp.com\/laplomberieducanal.com\/wp-content\/uploads\/2021\/06\/PortesouvertesLaPlomberie-0251-scaled.jpg?resize=140%2C80&#038;ssl=1\" alt=\"Portes ouvertes 2018\" \/>\n\t<div class=\"ms-thumb\" ><div class=\"ms-tab-context\"><div class=\"&quot;ms-tab-context&quot;\"><\/div><\/div>\n<\/div>\n\t\t\t\t<\/div>\n\t\t\t\t<div  class=\"ms-slide\" data-delay=\"3\" data-fill-mode=\"fit\"  >\n\t\t\t\t\t<img data-recalc-dims=\"1\" decoding=\"async\" src=\"https:\/\/i0.wp.com\/laplomberieducanal.com\/wp-content\/plugins\/master-slider\/public\/assets\/css\/blank.gif?w=3840&#038;ssl=1\" alt=\"Portes ouvertes 2018\" title=\"\" data-src=\"https:\/\/laplomberieducanal.com\/wp-content\/uploads\/2021\/06\/laplomberieducanal_23092018_3548-scaled.jpg\" \/>\n\n\n\t<img data-recalc-dims=\"1\" height=\"80\" width=\"140\" decoding=\"async\" class=\"ms-thumb\" src=\"https:\/\/i0.wp.com\/laplomberieducanal.com\/wp-content\/uploads\/2021\/06\/laplomberieducanal_23092018_3548-scaled.jpg?resize=140%2C80&#038;ssl=1\" alt=\"Portes ouvertes 2018\" \/>\n\t<div class=\"ms-thumb\" ><div class=\"ms-tab-context\"><div class=\"&quot;ms-tab-context&quot;\"><\/div><\/div>\n<\/div>\n\t\t\t\t<\/div>\n\t\t\t\t<div  class=\"ms-slide\" data-delay=\"3\" data-fill-mode=\"fit\"  >\n\t\t\t\t\t<img data-recalc-dims=\"1\" decoding=\"async\" src=\"https:\/\/i0.wp.com\/laplomberieducanal.com\/wp-content\/plugins\/master-slider\/public\/assets\/css\/blank.gif?w=3840&#038;ssl=1\" alt=\"Portes ouvertes 2018\" title=\"\" data-src=\"https:\/\/laplomberieducanal.com\/wp-content\/uploads\/2021\/06\/laplomberieducanal_23092018_3515-scaled.jpg\" \/>\n\n\n\t<img data-recalc-dims=\"1\" height=\"80\" width=\"140\" decoding=\"async\" class=\"ms-thumb\" src=\"https:\/\/i0.wp.com\/laplomberieducanal.com\/wp-content\/uploads\/2021\/06\/laplomberieducanal_23092018_3515-scaled.jpg?resize=140%2C80&#038;ssl=1\" alt=\"Portes ouvertes 2018\" \/>\n\t<div class=\"ms-thumb\" ><div class=\"ms-tab-context\"><div class=\"&quot;ms-tab-context&quot;\"><\/div><\/div>\n<\/div>\n\t\t\t\t<\/div>\n\t\t\t\t<div  class=\"ms-slide\" data-delay=\"3\" data-fill-mode=\"fit\"  >\n\t\t\t\t\t<img data-recalc-dims=\"1\" decoding=\"async\" src=\"https:\/\/i0.wp.com\/laplomberieducanal.com\/wp-content\/plugins\/master-slider\/public\/assets\/css\/blank.gif?w=3840&#038;ssl=1\" alt=\"Portes ouvertes 2018\" title=\"\" data-src=\"https:\/\/laplomberieducanal.com\/wp-content\/uploads\/2021\/06\/laplomberieducanal_23092018_3475-scaled.jpg\" \/>\n\n\n\t<img data-recalc-dims=\"1\" height=\"80\" width=\"140\" decoding=\"async\" class=\"ms-thumb\" src=\"https:\/\/i0.wp.com\/laplomberieducanal.com\/wp-content\/uploads\/2021\/06\/laplomberieducanal_23092018_3475-scaled.jpg?resize=140%2C80&#038;ssl=1\" alt=\"Portes ouvertes 2018\" \/>\n\t<div class=\"ms-thumb\" ><div class=\"ms-tab-context\"><div class=\"&quot;ms-tab-context&quot;\"><\/div><\/div>\n<\/div>\n\t\t\t\t<\/div>\n\t\t\t\t<div  class=\"ms-slide\" data-delay=\"3\" data-fill-mode=\"fit\"  >\n\t\t\t\t\t<img data-recalc-dims=\"1\" decoding=\"async\" src=\"https:\/\/i0.wp.com\/laplomberieducanal.com\/wp-content\/plugins\/master-slider\/public\/assets\/css\/blank.gif?w=3840&#038;ssl=1\" alt=\"Portes ouvertes 2018\" title=\"\" data-src=\"https:\/\/laplomberieducanal.com\/wp-content\/uploads\/2021\/06\/laplomberieducanal_23092018_3443-scaled.jpg\" \/>\n\n\n\t<img data-recalc-dims=\"1\" height=\"80\" width=\"140\" decoding=\"async\" class=\"ms-thumb\" src=\"https:\/\/i0.wp.com\/laplomberieducanal.com\/wp-content\/uploads\/2021\/06\/laplomberieducanal_23092018_3443-scaled.jpg?resize=140%2C80&#038;ssl=1\" alt=\"Portes ouvertes 2018\" \/>\n\t<div class=\"ms-thumb\" ><div class=\"ms-tab-context\"><div class=\"&quot;ms-tab-context&quot;\"><\/div><\/div>\n<\/div>\n\t\t\t\t<\/div>\n\t\t\t\t<div  class=\"ms-slide\" data-delay=\"3\" data-fill-mode=\"fit\"  >\n\t\t\t\t\t<img data-recalc-dims=\"1\" decoding=\"async\" src=\"https:\/\/i0.wp.com\/laplomberieducanal.com\/wp-content\/plugins\/master-slider\/public\/assets\/css\/blank.gif?w=3840&#038;ssl=1\" alt=\"Portes ouvertes 2018\" title=\"\" data-src=\"https:\/\/laplomberieducanal.com\/wp-content\/uploads\/2021\/06\/laplomberieducanal_23092018_3437-scaled.jpg\" \/>\n\n\n\t<img data-recalc-dims=\"1\" height=\"80\" width=\"140\" decoding=\"async\" class=\"ms-thumb\" src=\"https:\/\/i0.wp.com\/laplomberieducanal.com\/wp-content\/uploads\/2021\/06\/laplomberieducanal_23092018_3437-scaled.jpg?resize=140%2C80&#038;ssl=1\" alt=\"Portes ouvertes 2018\" \/>\n\t<div class=\"ms-thumb\" ><div class=\"ms-tab-context\"><div class=\"&quot;ms-tab-context&quot;\"><\/div><\/div>\n<\/div>\n\t\t\t\t<\/div>\n\t\t\t\t<div  class=\"ms-slide\" data-delay=\"3\" data-fill-mode=\"fit\"  >\n\t\t\t\t\t<img data-recalc-dims=\"1\" decoding=\"async\" src=\"https:\/\/i0.wp.com\/laplomberieducanal.com\/wp-content\/plugins\/master-slider\/public\/assets\/css\/blank.gif?w=3840&#038;ssl=1\" alt=\"Portes ouvertes 2018\" title=\"\" data-src=\"https:\/\/laplomberieducanal.com\/wp-content\/uploads\/2021\/06\/PortesouvertesLaPlomberie-0368-scaled.jpg\" \/>\n\n\n\t<img data-recalc-dims=\"1\" height=\"80\" width=\"140\" decoding=\"async\" class=\"ms-thumb\" src=\"https:\/\/i0.wp.com\/laplomberieducanal.com\/wp-content\/uploads\/2021\/06\/PortesouvertesLaPlomberie-0368-scaled.jpg?resize=140%2C80&#038;ssl=1\" alt=\"Portes ouvertes 2018\" \/>\n\t<div class=\"ms-thumb\" ><div class=\"ms-tab-context\"><div class=\"&quot;ms-tab-context&quot;\"><\/div><\/div>\n<\/div>\n\t\t\t\t<\/div>\n\t\t\t\t<div  class=\"ms-slide\" data-delay=\"3\" data-fill-mode=\"fit\"  >\n\t\t\t\t\t<img data-recalc-dims=\"1\" decoding=\"async\" src=\"https:\/\/i0.wp.com\/laplomberieducanal.com\/wp-content\/plugins\/master-slider\/public\/assets\/css\/blank.gif?w=3840&#038;ssl=1\" alt=\"Portes ouvertes 2018\" title=\"\" data-src=\"https:\/\/laplomberieducanal.com\/wp-content\/uploads\/2021\/06\/PortesouvertesLaPlomberie-0366-scaled.jpg\" \/>\n\n\n\t<img data-recalc-dims=\"1\" height=\"80\" width=\"140\" decoding=\"async\" class=\"ms-thumb\" src=\"https:\/\/i0.wp.com\/laplomberieducanal.com\/wp-content\/uploads\/2021\/06\/PortesouvertesLaPlomberie-0366-scaled.jpg?resize=140%2C80&#038;ssl=1\" alt=\"Portes ouvertes 2018\" \/>\n\t<div class=\"ms-thumb\" ><div class=\"ms-tab-context\"><div class=\"&quot;ms-tab-context&quot;\"><\/div><\/div>\n<\/div>\n\t\t\t\t<\/div>\n\t\t\t\t<div  class=\"ms-slide\" data-delay=\"3\" data-fill-mode=\"fit\"  >\n\t\t\t\t\t<img data-recalc-dims=\"1\" decoding=\"async\" src=\"https:\/\/i0.wp.com\/laplomberieducanal.com\/wp-content\/plugins\/master-slider\/public\/assets\/css\/blank.gif?w=3840&#038;ssl=1\" alt=\"Portes ouvertes 2018\" title=\"\" data-src=\"https:\/\/laplomberieducanal.com\/wp-content\/uploads\/2021\/06\/PortesouvertesLaPlomberie-0350-2-scaled.jpg\" \/>\n\n\n\t<img data-recalc-dims=\"1\" height=\"80\" width=\"140\" decoding=\"async\" class=\"ms-thumb\" src=\"https:\/\/i0.wp.com\/laplomberieducanal.com\/wp-content\/uploads\/2021\/06\/PortesouvertesLaPlomberie-0350-2-scaled.jpg?resize=140%2C80&#038;ssl=1\" alt=\"Portes ouvertes 2018\" \/>\n\t<div class=\"ms-thumb\" ><div class=\"ms-tab-context\"><div class=\"&quot;ms-tab-context&quot;\"><\/div><\/div>\n<\/div>\n\t\t\t\t<\/div>\n\t\t\t\t<div  class=\"ms-slide\" data-delay=\"3\" data-fill-mode=\"fit\"  >\n\t\t\t\t\t<img data-recalc-dims=\"1\" decoding=\"async\" src=\"https:\/\/i0.wp.com\/laplomberieducanal.com\/wp-content\/plugins\/master-slider\/public\/assets\/css\/blank.gif?w=3840&#038;ssl=1\" alt=\"Portes ouvertes 2018\" title=\"\" data-src=\"https:\/\/laplomberieducanal.com\/wp-content\/uploads\/2021\/06\/PortesouvertesLaPlomberie-0275-2-scaled.jpg\" \/>\n\n\n\t<img data-recalc-dims=\"1\" height=\"80\" width=\"140\" decoding=\"async\" class=\"ms-thumb\" src=\"https:\/\/i0.wp.com\/laplomberieducanal.com\/wp-content\/uploads\/2021\/06\/PortesouvertesLaPlomberie-0275-2-scaled.jpg?resize=140%2C80&#038;ssl=1\" alt=\"Portes ouvertes 2018\" \/>\n\t<div class=\"ms-thumb\" ><div class=\"ms-tab-context\"><div class=\"&quot;ms-tab-context&quot;\"><\/div><\/div>\n<\/div>\n\t\t\t\t<\/div>\n\t\t\t\t<div  class=\"ms-slide\" data-delay=\"3\" data-fill-mode=\"fit\"  >\n\t\t\t\t\t<img data-recalc-dims=\"1\" decoding=\"async\" src=\"https:\/\/i0.wp.com\/laplomberieducanal.com\/wp-content\/plugins\/master-slider\/public\/assets\/css\/blank.gif?w=3840&#038;ssl=1\" alt=\"Portes ouvertes 2018\" title=\"\" data-src=\"https:\/\/laplomberieducanal.com\/wp-content\/uploads\/2021\/06\/PortesouvertesLaPlomberie-0255-scaled.jpg\" \/>\n\n\n\t<img data-recalc-dims=\"1\" height=\"80\" width=\"140\" decoding=\"async\" class=\"ms-thumb\" src=\"https:\/\/i0.wp.com\/laplomberieducanal.com\/wp-content\/uploads\/2021\/06\/PortesouvertesLaPlomberie-0255-scaled.jpg?resize=140%2C80&#038;ssl=1\" alt=\"Portes ouvertes 2018\" \/>\n\t<div class=\"ms-thumb\" ><div class=\"ms-tab-context\"><div class=\"&quot;ms-tab-context&quot;\"><\/div><\/div>\n<\/div>\n\t\t\t\t<\/div>\n\t\t\t\t<div  class=\"ms-slide\" data-delay=\"3\" data-fill-mode=\"fit\"  >\n\t\t\t\t\t<img data-recalc-dims=\"1\" decoding=\"async\" src=\"https:\/\/i0.wp.com\/laplomberieducanal.com\/wp-content\/plugins\/master-slider\/public\/assets\/css\/blank.gif?w=3840&#038;ssl=1\" alt=\"Portes ouvertes 2018\" title=\"\" data-src=\"https:\/\/laplomberieducanal.com\/wp-content\/uploads\/2021\/06\/PortesouvertesLaPlomberie-0244-scaled.jpg\" \/>\n\n\n\t<img data-recalc-dims=\"1\" height=\"80\" width=\"140\" decoding=\"async\" class=\"ms-thumb\" src=\"https:\/\/i0.wp.com\/laplomberieducanal.com\/wp-content\/uploads\/2021\/06\/PortesouvertesLaPlomberie-0244-scaled.jpg?resize=140%2C80&#038;ssl=1\" alt=\"Portes ouvertes 2018\" \/>\n\t<div class=\"ms-thumb\" ><div class=\"ms-tab-context\"><div class=\"&quot;ms-tab-context&quot;\"><\/div><\/div>\n<\/div>\n\t\t\t\t<\/div>\n\n\t\t\t<\/div>\n\t\t\t<!-- END MasterSlider Main -->\n\n\t\t\t \n\t\t<\/div>\n\t\t<!-- END MasterSlider -->\n\n\t\t<script>\n\t\t(function ( $ ) {\n\t\t\t\"use strict\";\n\n\t\t\t$(function () {\n\t\t\t\tvar masterslider_cf90 = new MasterSlider();\n\n\t\t\t\t\/\/ slider controls\n\t\t\t\tmasterslider_cf90.control('arrows'     ,{ autohide:false, overVideo:true  });\t\t\t\tmasterslider_cf90.control('bullets'    ,{ autohide:false, overVideo:true, dir:'h', align:'bottom' , margin:10  });\n\n\t\t\t\tmasterslider_cf90.control('thumblist'  ,{ autohide:false, overVideo:true, dir:'h', speed:17, inset:false, arrows:false, hover:false, customClass:'', align:'bottom',type:'thumbs', margin:5, width:140, height:80, space:5, fillMode:'fill'  });\n\t\t\t\t\/\/ slider setup\n\t\t\t\tmasterslider_cf90.setup(\"MS69f5ba2c6cf90\", {\n\t\t\t\t\t\twidth           : 800,\n\t\t\t\t\t\theight          : 480,\n\t\t\t\t\t\tminHeight       : 0,\n\t\t\t\t\t\tspace           : 0,\n\t\t\t\t\t\tstart           : 1,\n\t\t\t\t\t\tgrabCursor      : true,\n\t\t\t\t\t\tswipe           : true,\n\t\t\t\t\t\tmouse           : true,\n\t\t\t\t\t\tlayout          : \"boxed\",\n\t\t\t\t\t\twheel           : false,\n\t\t\t\t\t\tautoplay        : true,\n\t\t\t\t\t\tinstantStartLayers:false,\n\t\t\t\t\t\tloop            : false,\n\t\t\t\t\t\tshuffle         : false,\n\t\t\t\t\t\tpreload         : 0,\n\t\t\t\t\t\theightLimit     : true,\n\t\t\t\t\t\tautoHeight      : false,\n\t\t\t\t\t\tsmoothHeight    : true,\n\t\t\t\t\t\tendPause        : false,\n\t\t\t\t\t\toverPause       : true,\n\t\t\t\t\t\tfillMode        : \"fill\",\n\t\t\t\t\t\tcenterControls  : true,\n\t\t\t\t\t\tstartOnAppear   : false,\n\t\t\t\t\t\tlayersMode      : \"center\",\n\t\t\t\t\t\thideLayers      : false,\n\t\t\t\t\t\tfullscreenMargin: 0,\n\t\t\t\t\t\tspeed           : 20,\n\t\t\t\t\t\tdir             : \"h\",\n\t\t\t\t\t\tparallaxMode    : 'swipe',\n\t\t\t\t\t\tview            : \"basic\"\n\t\t\t\t});\n\n\t\t\t\t\n\t\t\t\twindow.masterslider_instances = window.masterslider_instances || [];\n\t\t\t\twindow.masterslider_instances.push( masterslider_cf90 );\n\t\t\t });\n\n\t\t})(jQuery);\n\t\t<\/script>\n\n\n","protected":false},"excerpt":{"rendered":"<p>\u00c0 l\u2019occasion du Temps Fort des Prairies Saint-Martin, l&rsquo;association a organis\u00e9 ses portes ouvertes.<\/p>\n","protected":false},"author":1,"featured_media":713,"comment_status":"open","ping_status":"open","sticky":false,"template":"","format":"standard","meta":{"_jetpack_memberships_contains_paid_content":false,"footnotes":"","jetpack_publicize_message":"","jetpack_publicize_feature_enabled":true,"jetpack_social_post_already_shared":false,"jetpack_social_options":{"image_generator_settings":{"template":"highway","enabled":false},"version":2}},"categories":[7],"tags":[],"jetpack_publicize_connections":[],"yoast_head":"<!-- This site is optimized with the Yoast SEO plugin v23.0 - https:\/\/yoast.com\/wordpress\/plugins\/seo\/ -->\n<title>Portes Ouvertes 2018 - La Plomberie du Canal<\/title>\n<meta name=\"robots\" content=\"index, follow, max-snippet:-1, max-image-preview:large, max-video-preview:-1\" \/>\n<link rel=\"canonical\" href=\"https:\/\/laplomberieducanal.com\/index.php\/2018\/10\/18\/portes-ouvertes-2018\/\" \/>\n<meta property=\"og:locale\" content=\"fr_FR\" \/>\n<meta property=\"og:type\" content=\"article\" \/>\n<meta property=\"og:title\" content=\"Portes Ouvertes 2018 - La Plomberie du Canal\" \/>\n<meta property=\"og:description\" content=\"\u00c0 l\u2019occasion du Temps Fort des Prairies Saint-Martin, l&#039;association a organis\u00e9 ses portes ouvertes.\" \/>\n<meta property=\"og:url\" content=\"https:\/\/laplomberieducanal.com\/index.php\/2018\/10\/18\/portes-ouvertes-2018\/\" \/>\n<meta property=\"og:site_name\" content=\"La Plomberie du Canal\" \/>\n<meta property=\"article:author\" content=\"https:\/\/www.facebook.com\/PlomberieduCanal\/\" \/>\n<meta property=\"article:published_time\" content=\"2018-10-18T09:35:00+00:00\" \/>\n<meta property=\"article:modified_time\" content=\"2021-06-09T08:26:16+00:00\" \/>\n<meta property=\"og:image\" content=\"https:\/\/laplomberieducanal.com\/wp-content\/uploads\/2018\/09\/Photo-groupe-scaled.jpg\" \/>\n\t<meta property=\"og:image:width\" content=\"2560\" \/>\n\t<meta property=\"og:image:height\" content=\"1384\" \/>\n\t<meta property=\"og:image:type\" content=\"image\/jpeg\" \/>\n<meta name=\"author\" content=\"La plomberie du Canal\" \/>\n<meta name=\"twitter:card\" content=\"summary_large_image\" \/>\n<meta name=\"twitter:label1\" content=\"\u00c9crit par\" \/>\n\t<meta name=\"twitter:data1\" content=\"La plomberie du Canal\" \/>\n\t<meta name=\"twitter:label2\" content=\"Dur\u00e9e de lecture estim\u00e9e\" \/>\n\t<meta name=\"twitter:data2\" content=\"1 minute\" \/>\n<script type=\"application\/ld+json\" class=\"yoast-schema-graph\">{\"@context\":\"https:\/\/schema.org\",\"@graph\":[{\"@type\":\"Article\",\"@id\":\"https:\/\/laplomberieducanal.com\/index.php\/2018\/10\/18\/portes-ouvertes-2018\/#article\",\"isPartOf\":{\"@id\":\"https:\/\/laplomberieducanal.com\/index.php\/2018\/10\/18\/portes-ouvertes-2018\/\"},\"author\":{\"name\":\"La plomberie du Canal\",\"@id\":\"https:\/\/laplomberieducanal.com\/#\/schema\/person\/850ed6c8e8df841f4e34655c984f3247\"},\"headline\":\"Portes Ouvertes 2018\",\"datePublished\":\"2018-10-18T09:35:00+00:00\",\"dateModified\":\"2021-06-09T08:26:16+00:00\",\"mainEntityOfPage\":{\"@id\":\"https:\/\/laplomberieducanal.com\/index.php\/2018\/10\/18\/portes-ouvertes-2018\/\"},\"wordCount\":231,\"commentCount\":0,\"publisher\":{\"@id\":\"https:\/\/laplomberieducanal.com\/#organization\"},\"image\":{\"@id\":\"https:\/\/laplomberieducanal.com\/index.php\/2018\/10\/18\/portes-ouvertes-2018\/#primaryimage\"},\"thumbnailUrl\":\"https:\/\/i0.wp.com\/laplomberieducanal.com\/wp-content\/uploads\/2018\/09\/Photo-groupe-scaled.jpg?fit=2560%2C1384&ssl=1\",\"articleSection\":[\"Temps Forts\"],\"inLanguage\":\"fr-FR\",\"potentialAction\":[{\"@type\":\"CommentAction\",\"name\":\"Comment\",\"target\":[\"https:\/\/laplomberieducanal.com\/index.php\/2018\/10\/18\/portes-ouvertes-2018\/#respond\"]}]},{\"@type\":\"WebPage\",\"@id\":\"https:\/\/laplomberieducanal.com\/index.php\/2018\/10\/18\/portes-ouvertes-2018\/\",\"url\":\"https:\/\/laplomberieducanal.com\/index.php\/2018\/10\/18\/portes-ouvertes-2018\/\",\"name\":\"Portes Ouvertes 2018 - La Plomberie du Canal\",\"isPartOf\":{\"@id\":\"https:\/\/laplomberieducanal.com\/#website\"},\"primaryImageOfPage\":{\"@id\":\"https:\/\/laplomberieducanal.com\/index.php\/2018\/10\/18\/portes-ouvertes-2018\/#primaryimage\"},\"image\":{\"@id\":\"https:\/\/laplomberieducanal.com\/index.php\/2018\/10\/18\/portes-ouvertes-2018\/#primaryimage\"},\"thumbnailUrl\":\"https:\/\/i0.wp.com\/laplomberieducanal.com\/wp-content\/uploads\/2018\/09\/Photo-groupe-scaled.jpg?fit=2560%2C1384&ssl=1\",\"datePublished\":\"2018-10-18T09:35:00+00:00\",\"dateModified\":\"2021-06-09T08:26:16+00:00\",\"breadcrumb\":{\"@id\":\"https:\/\/laplomberieducanal.com\/index.php\/2018\/10\/18\/portes-ouvertes-2018\/#breadcrumb\"},\"inLanguage\":\"fr-FR\",\"potentialAction\":[{\"@type\":\"ReadAction\",\"target\":[\"https:\/\/laplomberieducanal.com\/index.php\/2018\/10\/18\/portes-ouvertes-2018\/\"]}]},{\"@type\":\"ImageObject\",\"inLanguage\":\"fr-FR\",\"@id\":\"https:\/\/laplomberieducanal.com\/index.php\/2018\/10\/18\/portes-ouvertes-2018\/#primaryimage\",\"url\":\"https:\/\/i0.wp.com\/laplomberieducanal.com\/wp-content\/uploads\/2018\/09\/Photo-groupe-scaled.jpg?fit=2560%2C1384&ssl=1\",\"contentUrl\":\"https:\/\/i0.wp.com\/laplomberieducanal.com\/wp-content\/uploads\/2018\/09\/Photo-groupe-scaled.jpg?fit=2560%2C1384&ssl=1\",\"width\":2560,\"height\":1384,\"caption\":\"Portes Ouvertes 2018\"},{\"@type\":\"BreadcrumbList\",\"@id\":\"https:\/\/laplomberieducanal.com\/index.php\/2018\/10\/18\/portes-ouvertes-2018\/#breadcrumb\",\"itemListElement\":[{\"@type\":\"ListItem\",\"position\":1,\"name\":\"Accueil\",\"item\":\"https:\/\/laplomberieducanal.com\/\"},{\"@type\":\"ListItem\",\"position\":2,\"name\":\"Portes Ouvertes 2018\"}]},{\"@type\":\"WebSite\",\"@id\":\"https:\/\/laplomberieducanal.com\/#website\",\"url\":\"https:\/\/laplomberieducanal.com\/\",\"name\":\"La Plomberie du Canal\",\"description\":\"Association artistique et culturelle\",\"publisher\":{\"@id\":\"https:\/\/laplomberieducanal.com\/#organization\"},\"potentialAction\":[{\"@type\":\"SearchAction\",\"target\":{\"@type\":\"EntryPoint\",\"urlTemplate\":\"https:\/\/laplomberieducanal.com\/?s={search_term_string}\"},\"query-input\":\"required name=search_term_string\"}],\"inLanguage\":\"fr-FR\"},{\"@type\":\"Organization\",\"@id\":\"https:\/\/laplomberieducanal.com\/#organization\",\"name\":\"La Plomberie du Canal\",\"url\":\"https:\/\/laplomberieducanal.com\/\",\"logo\":{\"@type\":\"ImageObject\",\"inLanguage\":\"fr-FR\",\"@id\":\"https:\/\/laplomberieducanal.com\/#\/schema\/logo\/image\/\",\"url\":\"https:\/\/i0.wp.com\/laplomberieducanal.com\/wp-content\/uploads\/2023\/04\/cropped-Logo-La-Plomberie-du-Canal-couleur-sans-contour.png?fit=2105%2C1964&ssl=1\",\"contentUrl\":\"https:\/\/i0.wp.com\/laplomberieducanal.com\/wp-content\/uploads\/2023\/04\/cropped-Logo-La-Plomberie-du-Canal-couleur-sans-contour.png?fit=2105%2C1964&ssl=1\",\"width\":2105,\"height\":1964,\"caption\":\"La Plomberie du Canal\"},\"image\":{\"@id\":\"https:\/\/laplomberieducanal.com\/#\/schema\/logo\/image\/\"}},{\"@type\":\"Person\",\"@id\":\"https:\/\/laplomberieducanal.com\/#\/schema\/person\/850ed6c8e8df841f4e34655c984f3247\",\"name\":\"La plomberie du Canal\",\"image\":{\"@type\":\"ImageObject\",\"inLanguage\":\"fr-FR\",\"@id\":\"https:\/\/laplomberieducanal.com\/#\/schema\/person\/image\/\",\"url\":\"https:\/\/secure.gravatar.com\/avatar\/6fe2d33e9e1904b8baa29a638ffe18c6?s=96&d=mm&r=g\",\"contentUrl\":\"https:\/\/secure.gravatar.com\/avatar\/6fe2d33e9e1904b8baa29a638ffe18c6?s=96&d=mm&r=g\",\"caption\":\"La plomberie du Canal\"},\"sameAs\":[\"http:\/\/laplomberieducanal.com\",\"https:\/\/www.facebook.com\/PlomberieduCanal\/\",\"https:\/\/www.instagram.com\/plomberieducanal\/?igshid=ZDdkNTZiNTM\",\"https:\/\/fr.linkedin.com\/in\/plomberieducanal-art-culture35?original_referer=httpswww.ecosia.org\",\"https:\/\/www.youtube.com\/channel\/UCfL0yD1Nxy3m1qIve26IGfA\"],\"url\":\"https:\/\/laplomberieducanal.com\/index.php\/author\/commadmin\/\"}]}<\/script>\n<!-- \/ Yoast SEO plugin. -->","yoast_head_json":{"title":"Portes Ouvertes 2018 - La Plomberie du Canal","robots":{"index":"index","follow":"follow","max-snippet":"max-snippet:-1","max-image-preview":"max-image-preview:large","max-video-preview":"max-video-preview:-1"},"canonical":"https:\/\/laplomberieducanal.com\/index.php\/2018\/10\/18\/portes-ouvertes-2018\/","og_locale":"fr_FR","og_type":"article","og_title":"Portes Ouvertes 2018 - La Plomberie du Canal","og_description":"\u00c0 l\u2019occasion du Temps Fort des Prairies Saint-Martin, l'association a organis\u00e9 ses portes ouvertes.","og_url":"https:\/\/laplomberieducanal.com\/index.php\/2018\/10\/18\/portes-ouvertes-2018\/","og_site_name":"La Plomberie du Canal","article_author":"https:\/\/www.facebook.com\/PlomberieduCanal\/","article_published_time":"2018-10-18T09:35:00+00:00","article_modified_time":"2021-06-09T08:26:16+00:00","og_image":[{"width":2560,"height":1384,"url":"https:\/\/laplomberieducanal.com\/wp-content\/uploads\/2018\/09\/Photo-groupe-scaled.jpg","type":"image\/jpeg"}],"author":"La plomberie du Canal","twitter_card":"summary_large_image","twitter_misc":{"\u00c9crit par":"La plomberie du Canal","Dur\u00e9e de lecture estim\u00e9e":"1 minute"},"schema":{"@context":"https:\/\/schema.org","@graph":[{"@type":"Article","@id":"https:\/\/laplomberieducanal.com\/index.php\/2018\/10\/18\/portes-ouvertes-2018\/#article","isPartOf":{"@id":"https:\/\/laplomberieducanal.com\/index.php\/2018\/10\/18\/portes-ouvertes-2018\/"},"author":{"name":"La plomberie du Canal","@id":"https:\/\/laplomberieducanal.com\/#\/schema\/person\/850ed6c8e8df841f4e34655c984f3247"},"headline":"Portes Ouvertes 2018","datePublished":"2018-10-18T09:35:00+00:00","dateModified":"2021-06-09T08:26:16+00:00","mainEntityOfPage":{"@id":"https:\/\/laplomberieducanal.com\/index.php\/2018\/10\/18\/portes-ouvertes-2018\/"},"wordCount":231,"commentCount":0,"publisher":{"@id":"https:\/\/laplomberieducanal.com\/#organization"},"image":{"@id":"https:\/\/laplomberieducanal.com\/index.php\/2018\/10\/18\/portes-ouvertes-2018\/#primaryimage"},"thumbnailUrl":"https:\/\/i0.wp.com\/laplomberieducanal.com\/wp-content\/uploads\/2018\/09\/Photo-groupe-scaled.jpg?fit=2560%2C1384&ssl=1","articleSection":["Temps Forts"],"inLanguage":"fr-FR","potentialAction":[{"@type":"CommentAction","name":"Comment","target":["https:\/\/laplomberieducanal.com\/index.php\/2018\/10\/18\/portes-ouvertes-2018\/#respond"]}]},{"@type":"WebPage","@id":"https:\/\/laplomberieducanal.com\/index.php\/2018\/10\/18\/portes-ouvertes-2018\/","url":"https:\/\/laplomberieducanal.com\/index.php\/2018\/10\/18\/portes-ouvertes-2018\/","name":"Portes Ouvertes 2018 - La Plomberie du Canal","isPartOf":{"@id":"https:\/\/laplomberieducanal.com\/#website"},"primaryImageOfPage":{"@id":"https:\/\/laplomberieducanal.com\/index.php\/2018\/10\/18\/portes-ouvertes-2018\/#primaryimage"},"image":{"@id":"https:\/\/laplomberieducanal.com\/index.php\/2018\/10\/18\/portes-ouvertes-2018\/#primaryimage"},"thumbnailUrl":"https:\/\/i0.wp.com\/laplomberieducanal.com\/wp-content\/uploads\/2018\/09\/Photo-groupe-scaled.jpg?fit=2560%2C1384&ssl=1","datePublished":"2018-10-18T09:35:00+00:00","dateModified":"2021-06-09T08:26:16+00:00","breadcrumb":{"@id":"https:\/\/laplomberieducanal.com\/index.php\/2018\/10\/18\/portes-ouvertes-2018\/#breadcrumb"},"inLanguage":"fr-FR","potentialAction":[{"@type":"ReadAction","target":["https:\/\/laplomberieducanal.com\/index.php\/2018\/10\/18\/portes-ouvertes-2018\/"]}]},{"@type":"ImageObject","inLanguage":"fr-FR","@id":"https:\/\/laplomberieducanal.com\/index.php\/2018\/10\/18\/portes-ouvertes-2018\/#primaryimage","url":"https:\/\/i0.wp.com\/laplomberieducanal.com\/wp-content\/uploads\/2018\/09\/Photo-groupe-scaled.jpg?fit=2560%2C1384&ssl=1","contentUrl":"https:\/\/i0.wp.com\/laplomberieducanal.com\/wp-content\/uploads\/2018\/09\/Photo-groupe-scaled.jpg?fit=2560%2C1384&ssl=1","width":2560,"height":1384,"caption":"Portes Ouvertes 2018"},{"@type":"BreadcrumbList","@id":"https:\/\/laplomberieducanal.com\/index.php\/2018\/10\/18\/portes-ouvertes-2018\/#breadcrumb","itemListElement":[{"@type":"ListItem","position":1,"name":"Accueil","item":"https:\/\/laplomberieducanal.com\/"},{"@type":"ListItem","position":2,"name":"Portes Ouvertes 2018"}]},{"@type":"WebSite","@id":"https:\/\/laplomberieducanal.com\/#website","url":"https:\/\/laplomberieducanal.com\/","name":"La Plomberie du Canal","description":"Association artistique et culturelle","publisher":{"@id":"https:\/\/laplomberieducanal.com\/#organization"},"potentialAction":[{"@type":"SearchAction","target":{"@type":"EntryPoint","urlTemplate":"https:\/\/laplomberieducanal.com\/?s={search_term_string}"},"query-input":"required name=search_term_string"}],"inLanguage":"fr-FR"},{"@type":"Organization","@id":"https:\/\/laplomberieducanal.com\/#organization","name":"La Plomberie du Canal","url":"https:\/\/laplomberieducanal.com\/","logo":{"@type":"ImageObject","inLanguage":"fr-FR","@id":"https:\/\/laplomberieducanal.com\/#\/schema\/logo\/image\/","url":"https:\/\/i0.wp.com\/laplomberieducanal.com\/wp-content\/uploads\/2023\/04\/cropped-Logo-La-Plomberie-du-Canal-couleur-sans-contour.png?fit=2105%2C1964&ssl=1","contentUrl":"https:\/\/i0.wp.com\/laplomberieducanal.com\/wp-content\/uploads\/2023\/04\/cropped-Logo-La-Plomberie-du-Canal-couleur-sans-contour.png?fit=2105%2C1964&ssl=1","width":2105,"height":1964,"caption":"La Plomberie du Canal"},"image":{"@id":"https:\/\/laplomberieducanal.com\/#\/schema\/logo\/image\/"}},{"@type":"Person","@id":"https:\/\/laplomberieducanal.com\/#\/schema\/person\/850ed6c8e8df841f4e34655c984f3247","name":"La plomberie du Canal","image":{"@type":"ImageObject","inLanguage":"fr-FR","@id":"https:\/\/laplomberieducanal.com\/#\/schema\/person\/image\/","url":"https:\/\/secure.gravatar.com\/avatar\/6fe2d33e9e1904b8baa29a638ffe18c6?s=96&d=mm&r=g","contentUrl":"https:\/\/secure.gravatar.com\/avatar\/6fe2d33e9e1904b8baa29a638ffe18c6?s=96&d=mm&r=g","caption":"La plomberie du Canal"},"sameAs":["http:\/\/laplomberieducanal.com","https:\/\/www.facebook.com\/PlomberieduCanal\/","https:\/\/www.instagram.com\/plomberieducanal\/?igshid=ZDdkNTZiNTM","https:\/\/fr.linkedin.com\/in\/plomberieducanal-art-culture35?original_referer=httpswww.ecosia.org","https:\/\/www.youtube.com\/channel\/UCfL0yD1Nxy3m1qIve26IGfA"],"url":"https:\/\/laplomberieducanal.com\/index.php\/author\/commadmin\/"}]}},"jetpack_featured_media_url":"https:\/\/i0.wp.com\/laplomberieducanal.com\/wp-content\/uploads\/2018\/09\/Photo-groupe-scaled.jpg?fit=2560%2C1384&ssl=1","jetpack_sharing_enabled":true,"jetpack_likes_enabled":true,"jetpack_shortlink":"https:\/\/wp.me\/pdRAvF-bs","_links":{"self":[{"href":"https:\/\/laplomberieducanal.com\/index.php\/wp-json\/wp\/v2\/posts\/710"}],"collection":[{"href":"https:\/\/laplomberieducanal.com\/index.php\/wp-json\/wp\/v2\/posts"}],"about":[{"href":"https:\/\/laplomberieducanal.com\/index.php\/wp-json\/wp\/v2\/types\/post"}],"author":[{"embeddable":true,"href":"https:\/\/laplomberieducanal.com\/index.php\/wp-json\/wp\/v2\/users\/1"}],"replies":[{"embeddable":true,"href":"https:\/\/laplomberieducanal.com\/index.php\/wp-json\/wp\/v2\/comments?post=710"}],"version-history":[{"count":3,"href":"https:\/\/laplomberieducanal.com\/index.php\/wp-json\/wp\/v2\/posts\/710\/revisions"}],"predecessor-version":[{"id":750,"href":"https:\/\/laplomberieducanal.com\/index.php\/wp-json\/wp\/v2\/posts\/710\/revisions\/750"}],"wp:featuredmedia":[{"embeddable":true,"href":"https:\/\/laplomberieducanal.com\/index.php\/wp-json\/wp\/v2\/media\/713"}],"wp:attachment":[{"href":"https:\/\/laplomberieducanal.com\/index.php\/wp-json\/wp\/v2\/media?parent=710"}],"wp:term":[{"taxonomy":"category","embeddable":true,"href":"https:\/\/laplomberieducanal.com\/index.php\/wp-json\/wp\/v2\/categories?post=710"},{"taxonomy":"post_tag","embeddable":true,"href":"https:\/\/laplomberieducanal.com\/index.php\/wp-json\/wp\/v2\/tags?post=710"}],"curies":[{"name":"wp","href":"https:\/\/api.w.org\/{rel}","templated":true}]}}